{"id":62911,"date":"2025-05-08T11:24:59","date_gmt":"2025-05-08T14:24:59","guid":{"rendered":"https:\/\/informateesquina.com\/?p=62911"},"modified":"2025-05-08T11:24:59","modified_gmt":"2025-05-08T14:24:59","slug":"camioneta-despisto-y-choco-contra-un-arbol-murio-el-acompanante","status":"publish","type":"post","link":"https:\/\/informateesquina.com\/?p=62911","title":{"rendered":"Camioneta despist\u00f3 y choc\u00f3 contra un \u00e1rbol: muri\u00f3 el acompa\u00f1ante"},"content":{"rendered":"<div>\n<p class=\"copete\">La tragedia ocurri\u00f3 durante la madrugada de este jueves entre Goya y Carolina. La v\u00edctima iba junto al conductor que result\u00f3 con heridas graves.<\/p>\n<div>\n<div class=\"fotos-y-videos\">\n<div class=\"tab-content\">\n<div id=\"fotos\" class=\"tab-pane fade in active\" role=\"tabpanel\"><a class=\"fotos-desarrollo unlink\" title=\"Camioneta despist\u00f3 y choc\u00f3 contra un \u00e1rbol: muri\u00f3 el acompa\u00f1ante\" href=\"https:\/\/www.radiosudamericana.com\/notix\/multimedia\/imagenes\/fotos\/2025-05-08\/126126.jpg\"><img loading=\"lazy\" decoding=\"async\" class=\"img-responsive lazyload center-block\" src=\"https:\/\/www.radiosudamericana.com\/notix\/multimedia\/imagenes\/fotos\/2025-05-08\/126126.jpg_nota.jpg\" alt=\"Camioneta despist\u00f3 y choc\u00f3 contra un \u00e1rbol: muri\u00f3 el acompa\u00f1ante\" width=\"700\" height=\"424\" \/><\/a><\/div>\n<\/div>\n<\/div>\n<div class=\"cuerpo\">\n<p>En la madrugada de este jueves, un hombre perdi\u00f3 la vida tras un violento despiste ocurrido sobre la Ruta Nacional N\u00ba 12, a la altura del kil\u00f3metro 798, en el tramo comprendido entre las localidades de Goya y Carolina. La v\u00edctima iba junto al conductor que result\u00f3 gravemente herido.<\/p>\n<p>&nbsp;<\/p>\n<p>El hecho se registr\u00f3 cerca de la 1:30, cuando una camioneta Nissan, por causas que a\u00fan se investigan, perdi\u00f3 el control, despist\u00f3 y se estrell\u00f3 contra un \u00e1rbol de Lapacho al costado de la calzada. En el veh\u00edculo se trasladaban dos personas: el conductor, de apellido Balestra (35), y su acompa\u00f1ante, de apellido Araujo, tambi\u00e9n mayor de edad.<\/p>\n<p><a class=\"fotos-desarrollo unlink\" title=\"Camioneta despist\u00f3 y choc\u00f3 contra un \u00e1rbol: muri\u00f3 el acompa\u00f1ante\" href=\"https:\/\/www.radiosudamericana.com\/notix\/multimedia\/imagenes\/fotos\/2025-05-08\/670303.jpg\"><img decoding=\"async\" class=\"img-responsive\" src=\"https:\/\/www.radiosudamericana.com\/notix\/multimedia\/imagenes\/fotos\/2025-05-08\/670303.jpg_nota.jpg\" \/><\/a><\/p>\n<p>Como consecuencia del impacto, Araujo perdi\u00f3 la vida en el lugar. En tanto, el conductor fue trasladado de urgencia al hospital de Goya, donde se le diagnosticaron lesiones de car\u00e1cter grave.<\/p>\n<p><a class=\"fotos-desarrollo unlink\" title=\"Camioneta despist\u00f3 y choc\u00f3 contra un \u00e1rbol: muri\u00f3 el acompa\u00f1ante\" href=\"https:\/\/www.radiosudamericana.com\/notix\/multimedia\/imagenes\/fotos\/2025-05-08\/825737.jpg\"><img decoding=\"async\" class=\"img-responsive\" src=\"https:\/\/www.radiosudamericana.com\/notix\/multimedia\/imagenes\/fotos\/2025-05-08\/825737.jpg_nota.jpg\" \/><\/a><\/p>\n<p>Efectivos policiales y personal de emergencias trabajaron en la escena para asistir a las v\u00edctimas y realizar las pericias correspondientes. La investigaci\u00f3n qued\u00f3 a cargo de la Unidad Fiscal en turno, mientras que la Comisar\u00eda de Distrito Primera de Goya contin\u00faa con las diligencias legales y administrativas del caso.<\/p>\n<p>Radio Sudamericana<\/p>\n<\/div>\n<\/div>\n<\/div>\n","protected":false},"excerpt":{"rendered":"<p>La tragedia ocurri\u00f3 durante la madrugada de este jueves entre Goya y Carolina. La v\u00edctima iba junto al conductor que result\u00f3 con heridas graves. En la madrugada de este jueves, un hombre perdi\u00f3 la vida tras un violento despiste ocurrido sobre la Ruta Nacional N\u00ba 12, a la altura del kil\u00f3metro 798, en el tramo [&hellip;]<\/p>\n","protected":false},"author":3,"featured_media":62912,"comment_status":"open","ping_status":"open","sticky":false,"template":"","format":"standard","meta":{"footnotes":""},"categories":[8],"tags":[],"class_list":["post-62911","post","type-post","status-publish","format-standard","has-post-thumbnail","hentry","category-policiales"],"_links":{"self":[{"href":"https:\/\/informateesquina.com\/index.php?rest_route=\/wp\/v2\/posts\/62911","targetHints":{"allow":["GET"]}}],"collection":[{"href":"https:\/\/informateesquina.com\/index.php?rest_route=\/wp\/v2\/posts"}],"about":[{"href":"https:\/\/informateesquina.com\/index.php?rest_route=\/wp\/v2\/types\/post"}],"author":[{"embeddable":true,"href":"https:\/\/informateesquina.com\/index.php?rest_route=\/wp\/v2\/users\/3"}],"replies":[{"embeddable":true,"href":"https:\/\/informateesquina.com\/index.php?rest_route=%2Fwp%2Fv2%2Fcomments&post=62911"}],"version-history":[{"count":1,"href":"https:\/\/informateesquina.com\/index.php?rest_route=\/wp\/v2\/posts\/62911\/revisions"}],"predecessor-version":[{"id":62913,"href":"https:\/\/informateesquina.com\/index.php?rest_route=\/wp\/v2\/posts\/62911\/revisions\/62913"}],"wp:featuredmedia":[{"embeddable":true,"href":"https:\/\/informateesquina.com\/index.php?rest_route=\/wp\/v2\/media\/62912"}],"wp:attachment":[{"href":"https:\/\/informateesquina.com\/index.php?rest_route=%2Fwp%2Fv2%2Fmedia&parent=62911"}],"wp:term":[{"taxonomy":"category","embeddable":true,"href":"https:\/\/informateesquina.com\/index.php?rest_route=%2Fwp%2Fv2%2Fcategories&post=62911"},{"taxonomy":"post_tag","embeddable":true,"href":"https:\/\/informateesquina.com\/index.php?rest_route=%2Fwp%2Fv2%2Ftags&post=62911"}],"curies":[{"name":"wp","href":"https:\/\/api.w.org\/{rel}","templated":true}]}}