{"id":63647,"date":"2025-06-17T22:28:03","date_gmt":"2025-06-18T01:28:03","guid":{"rendered":"https:\/\/informateesquina.com\/?p=63647"},"modified":"2025-06-17T22:31:21","modified_gmt":"2025-06-18T01:31:21","slug":"63647","status":"publish","type":"post","link":"https:\/\/informateesquina.com\/?p=63647","title":{"rendered":"Las tres reglas de conducta que debe cumplir Cristina Kirchner para que no le revoquen la prisi\u00f3n domiciliaria"},"content":{"rendered":"<div class=\"sc-808a5b4d-0 fiDTki normal-header false normal-header false\">\n<p>Cristina Kirchner recibi\u00f3 este martes a la tarde la notificaci\u00f3n para cumplir la prisi\u00f3n domiciliaria, con tobillera electr\u00f3nica, y deber\u00e1 <strong>cumplir tres condiciones<\/strong>\u00a0<strong>para que no le revoquen este beneficio<\/strong>. As\u00ed lo resolvi\u00f3 el Tribunal Oral en lo Criminal Federal N\u00b0 2.<\/p>\n<\/div>\n<section class=\"sc-5a45cf34-1 bvAUqF\">\n<article id=\"storyBody\" class=\"sc-5a45cf34-2 ekjAhm\">\n<div class=\"StoryTextContainer vsmcontent\" data-mrf-recirculation=\"Article Body\">\n<div id=\"cuerpo\">\n<div id=\"element-body-1\" class=\"sc-45461e9c-0 eqiBeF container-text text-embed \">\n<p>Seg\u00fan la disposici\u00f3n firmada por los jueces Jorge Gorini, Rodrigo Gim\u00e9nez Uriburu y Andr\u00e9s Basso, se trata de tres &#8220;reglas de conducta&#8221; que Cristina Kirchner &#8220;tendr\u00e1 que observar y cumplir mientras se mantenga la modalidad domiciliaria del cumplimiento de la pena de prisi\u00f3n&#8221;.<\/p>\n<\/div>\n<div id=\"element-body-2\" class=\"sc-45461e9c-0 eqiBeF container-text text-embed \">\n<p>Luego, la resoluci\u00f3n pasa a enumerar esas condiciones que deber\u00e1 cumplir en los seis a\u00f1os de prisi\u00f3n que recibi\u00f3 la expresidenta y que finalmente el martes pasado ratific\u00f3 la Corte Suprema.<\/p>\n<\/div>\n<div class=\"sc-80d44df9-7 keNRi bannerCollapse\">\n<div id=\"div-gpt-ad-inread\" class=\"sc-d0f79270-0 lcvdWI lazyBanner\">\n<div id=\"google_ads_iframe_\/242767168\/clarin\/politica\/nota\/inread_0__container__\"><\/div>\n<\/div>\n<\/div>\n<div id=\"element-body-3\" class=\"sc-c2c2a3c6-0 ecgiEX border-video video-embed horizontal border-video video-embed horizontal\">\n<div id=\"embeb62HBmSVJ\" class=\"jwplayer jw-reset jw-state-playing jw-stretch-uniform jw-flag-aspect-mode jw-breakpoint-2 jw-floating-dismissible jw-keep-thumbnail jw-flag-user-inactive\" tabindex=\"0\" role=\"application\" aria-label=\"Video Player - &quot;Buscan humillar a Cristina y no lo vamos a permitir&quot;, dijo Vanesa Siley\" aria-describedby=\"jw-embeb62HBmSVJ-shortcuts-tooltip-explanation\"><\/div>\n<div class=\"sc-c2c2a3c6-1 kQhBlc videoText videoText\">\n<div><\/div>\n<\/div>\n<\/div>\n<div id=\"element-body-4\" class=\"sc-45461e9c-0 eqiBeF container-text text-embed \">\n<h3>Condici\u00f3n 1: &#8220;Permanecer en su domicilio&#8221;<\/h3>\n<\/div>\n<div id=\"element-body-5\" class=\"sc-45461e9c-0 eqiBeF container-text text-embed \">\n<p>La primera condici\u00f3n reza: &#8220;Deber\u00e1 permanecer en el domicilio fijado, obligaci\u00f3n que no podr\u00e1 quebrantar salvo en situaciones excepcionales de fuerza mayor que deber\u00e1 justificar debidamente. Por fuera de estos supuestos, deber\u00e1 requerir y obtener la autorizaci\u00f3n previa del tribunal, sin excepci\u00f3n&#8221;.<\/p>\n<\/div>\n<div id=\"element-body-6\" class=\"sc-45461e9c-0 eqiBeF container-text text-embed \">\n<h3>Condici\u00f3n 2: &#8220;Tranquilidad del vecindario&#8221;<\/h3>\n<\/div>\n<div id=\"element-body-7\" class=\"sc-98b114a2-0 bkqiHH image-embed image-embed \"><picture class=\"sc-98b114a2-1 jRUlDm\"><source srcset=\"https:\/\/www.clarin.com\/img\/2025\/06\/12\/-38JNCdQ7_720x0__1.jpg\" media=\"(min-width: 975px)\" \/><img loading=\"lazy\" decoding=\"async\" src=\"https:\/\/www.clarin.com\/img\/2025\/06\/12\/-38JNCdQ7_720x0__1.jpg\" alt=\"La militancia reunida debajo del balc\u00f3n de Cristina Kirchner en San Jos\u00e9 1111. Foto Guillermo Rodr\u00edguez Adami\" width=\"720\" height=\"480\" data-nimg=\"1\" data-readystate=\"complete\" \/><\/picture><\/div>\n<div class=\"sc-98b114a2-0 bkqiHH image-embed image-embed \"><\/div>\n<div id=\"element-body-8\" class=\"sc-45461e9c-0 eqiBeF container-text text-embed \">\n<p>La segunda regla de conducta apunta a las\u00a0<strong>condiciones en el barrio de Constituci\u00f3n<\/strong>, donde se encuentra el departamento de San Jos\u00e9 1111 en el que la militancia hizo vigilia desde la ratificaci\u00f3n de la condena por el fallo de la Corte Suprema.<\/p>\n<\/div>\n<div id=\"element-body-9\" class=\"sc-45461e9c-0 eqiBeF container-text text-embed \">\n<p>&#8220;Deber\u00e1 abstenerse de adoptar comportamientos que puedan perturbar la\u00a0<strong>tranquilidad del vecindario<\/strong>\u00a0y\/o alterar la convivencia pac\u00edfica de sus habitantes&#8221;, indic\u00f3 el Tribunal, en un \u00edtem sobre el que ven\u00eda reclamando la Ciudad de Buenos Aires.<\/p>\n<\/div>\n<div id=\"element-body-10\" class=\"sc-45461e9c-0 eqiBeF container-text text-embed \">\n<h3>Condici\u00f3n 3: el restringido c\u00edrculo de visitas<\/h3>\n<\/div>\n<div id=\"element-body-11\" class=\"sc-98b114a2-0 bkqiHH image-embed image-embed \"><picture class=\"sc-98b114a2-1 jRUlDm\"><source srcset=\"https:\/\/www.clarin.com\/img\/2025\/06\/13\/k2yvGMcUo_720x0__1.jpg\" media=\"(min-width: 975px)\" \/><img loading=\"lazy\" decoding=\"async\" src=\"https:\/\/www.clarin.com\/img\/2025\/06\/13\/k2yvGMcUo_720x0__1.jpg\" alt=\"Pablo Moyano visit\u00f3 a Cristina Kirchner tras el fallo de la Corte Suprema.\" width=\"720\" height=\"480\" data-nimg=\"1\" data-readystate=\"complete\" \/><\/picture><\/div>\n<div class=\"sc-80d44df9-7 keNRi bannerCollapse\"><\/div>\n<div id=\"element-body-13\" class=\"sc-45461e9c-0 eqiBeF container-text text-embed \">\n<p>&#8220;En el plazo de 48 horas h\u00e1biles deber\u00e1 presentar una n\u00f3mina de las personas que integran su\u00a0<strong>grupo familiar, custodia policial, profesionales m\u00e9dicos que la tratan asiduamente y abogados que la representan<\/strong>, quienes podr\u00e1n acceder al domicilio donde cumplir\u00e1 la pena de prisi\u00f3n sin necesidad de autorizaci\u00f3n judicial, debiendo requerirse y motivarse el eventual acceso de toda otra persona no incluida en ese listado&#8221;, concluye al respecto.<\/p>\n<\/div>\n<div id=\"element-body-14\" class=\"sc-45461e9c-0 eqiBeF container-text text-embed \">\n<p>En los \u00faltimos d\u00edas, ya recluida en el departamento de Constituci\u00f3n, la exvicepresidenta recibi\u00f3 numerosas visitas de dirigentes vinculados al peronismo. Entre ellos, Ricardo Quintela, el gobernador de La Rioja con el que se disput\u00f3 la presidencia del PJ nacional (finalmente \u00e9l no pudo presentar lista); Pablo Moyano, de Camioneros y excosecretario general de la CGT; y Juan Grabois y Ofelia Fern\u00e1ndez, del movimiento Argentina Humana y de la fuerza Patria Grande, al cabo de una movilizaci\u00f3n realizada este s\u00e1bado.<\/p>\n<\/div>\n<div id=\"element-body-15\" class=\"sc-45461e9c-0 eqiBeF container-text text-embed \">\n<p>&nbsp;<\/p>\n<\/div>\n<\/div>\n<\/div>\n<\/article>\n<\/section>\n","protected":false},"excerpt":{"rendered":"<p>Cristina Kirchner recibi\u00f3 este martes a la tarde la notificaci\u00f3n para cumplir la prisi\u00f3n domiciliaria, con tobillera electr\u00f3nica, y deber\u00e1 cumplir tres condiciones\u00a0para que no le revoquen este beneficio. As\u00ed lo resolvi\u00f3 el Tribunal Oral en lo Criminal Federal N\u00b0 2. Seg\u00fan la disposici\u00f3n firmada por los jueces Jorge Gorini, Rodrigo Gim\u00e9nez Uriburu y Andr\u00e9s [&hellip;]<\/p>\n","protected":false},"author":3,"featured_media":63648,"comment_status":"open","ping_status":"open","sticky":false,"template":"","format":"standard","meta":{"footnotes":""},"categories":[7,9],"tags":[],"class_list":["post-63647","post","type-post","status-publish","format-standard","has-post-thumbnail","hentry","category-nacionales","category-politica"],"_links":{"self":[{"href":"https:\/\/informateesquina.com\/index.php?rest_route=\/wp\/v2\/posts\/63647","targetHints":{"allow":["GET"]}}],"collection":[{"href":"https:\/\/informateesquina.com\/index.php?rest_route=\/wp\/v2\/posts"}],"about":[{"href":"https:\/\/informateesquina.com\/index.php?rest_route=\/wp\/v2\/types\/post"}],"author":[{"embeddable":true,"href":"https:\/\/informateesquina.com\/index.php?rest_route=\/wp\/v2\/users\/3"}],"replies":[{"embeddable":true,"href":"https:\/\/informateesquina.com\/index.php?rest_route=%2Fwp%2Fv2%2Fcomments&post=63647"}],"version-history":[{"count":3,"href":"https:\/\/informateesquina.com\/index.php?rest_route=\/wp\/v2\/posts\/63647\/revisions"}],"predecessor-version":[{"id":63651,"href":"https:\/\/informateesquina.com\/index.php?rest_route=\/wp\/v2\/posts\/63647\/revisions\/63651"}],"wp:featuredmedia":[{"embeddable":true,"href":"https:\/\/informateesquina.com\/index.php?rest_route=\/wp\/v2\/media\/63648"}],"wp:attachment":[{"href":"https:\/\/informateesquina.com\/index.php?rest_route=%2Fwp%2Fv2%2Fmedia&parent=63647"}],"wp:term":[{"taxonomy":"category","embeddable":true,"href":"https:\/\/informateesquina.com\/index.php?rest_route=%2Fwp%2Fv2%2Fcategories&post=63647"},{"taxonomy":"post_tag","embeddable":true,"href":"https:\/\/informateesquina.com\/index.php?rest_route=%2Fwp%2Fv2%2Ftags&post=63647"}],"curies":[{"name":"wp","href":"https:\/\/api.w.org\/{rel}","templated":true}]}}