{"id":63656,"date":"2025-06-18T10:34:16","date_gmt":"2025-06-18T13:34:16","guid":{"rendered":"https:\/\/informateesquina.com\/?p=63656"},"modified":"2025-06-18T10:34:16","modified_gmt":"2025-06-18T13:34:16","slug":"impactante-video-exploto-el-surtidor-de-una-estacion-de-servicio-de-chaco","status":"publish","type":"post","link":"https:\/\/informateesquina.com\/?p=63656","title":{"rendered":"Impactante video: explot\u00f3 el surtidor de una estaci\u00f3n de servicio de Chaco"},"content":{"rendered":"<div>\n<p class=\"copete\">La fuerte explosi\u00f3n se produjo el jueves 13 de junio al mediod\u00eda en una estaci\u00f3n de servicio sin bandera ubicada a pocos metros de la plaza central de Villa R\u00edo Bermejito.<\/p>\n<div>\n<div class=\"fotos-y-videos\">\n<div class=\"tab-content\">\n<div id=\"fotos\" class=\"tab-pane fade in active\" role=\"tabpanel\"><a class=\"fotos-desarrollo unlink\" title=\"Impactante video: explot\u00f3 el surtidor de una estaci\u00f3n de servicio de Chaco\" href=\"https:\/\/www.radiosudamericana.com\/notix\/multimedia\/imagenes\/fotos\/2025-06-18\/951947.jpg\"><img loading=\"lazy\" decoding=\"async\" class=\"img-responsive lazyload center-block\" src=\"https:\/\/www.radiosudamericana.com\/notix\/multimedia\/imagenes\/fotos\/2025-06-18\/951947.jpg_nota.jpg\" alt=\"Impactante video: explot\u00f3 el surtidor de una estaci\u00f3n de servicio de Chaco\" width=\"700\" height=\"430\" \/><\/a><\/div>\n<\/div>\n<\/div>\n<div class=\"cuerpo\">\n<p>Un momento de tensi\u00f3n extrema qued\u00f3 registrado en video cuando un surtidor de combustible estall\u00f3 mientras se cargaba nafta a motociclistas. La detonaci\u00f3n provoc\u00f3 una impresionante llamarada que por segundos sembr\u00f3 el p\u00e1nico entre quienes estaban en el lugar.<\/p>\n<p>&nbsp;<\/p>\n<p>&nbsp;<\/p>\n<div id=\"embeds\" class=\"inser center-block\"><iframe loading=\"lazy\" title=\"YouTube video player\" src=\"https:\/\/www.youtube.com\/embed\/mNa-Hcf7sPI?si=EMQ5duaOG0G4YgoC\" width=\"640\" height=\"400\" frameborder=\"0\" allowfullscreen=\"allowfullscreen\" data-mce-fragment=\"1\"><\/iframe><\/div>\n<p>&nbsp;<\/p>\n<p>Un playero sufri\u00f3 heridas en el rostro, mientras que una ni\u00f1a de 10 a\u00f1os que se encontraba en una moto muy cerca del estallido result\u00f3 ilesa de milagro.<\/p>\n<p>&nbsp;<\/p>\n<div id=\"leermas\">\n<div><b>Seguir Leyendo:<\/b><\/div>\n<div class=\"mitad\"><a class=\"leermas\" href=\"https:\/\/www.radiosudamericana.com\/nota\/policiales\/328435-Motociclista-de-83-anos-murio-tras-chocar-con-una-bicicleta.htm\" target=\"_blank\" rel=\"noopener\"><img decoding=\"async\" src=\"https:\/\/www.radiosudamericana.com\/multimedia\/imagenes\/fotos\/2025-06-17\/974371.jpg_crop.jpg_tb.jpg\" align=\"left\" \/>Motociclista de 83 a\u00f1os muri\u00f3 tras chocar con una bicicleta<\/a><\/div>\n<div class=\"mitad\"><a class=\"leermas\" href=\"https:\/\/www.radiosudamericana.com\/nota\/policiales\/328385-Robaron-cifra-millonaria-de-la-casa-de-un-barrio-privado-en-Riachuelo.htm\" target=\"_blank\" rel=\"noopener\"><img decoding=\"async\" src=\"https:\/\/www.radiosudamericana.com\/multimedia\/imagenes\/fotos\/2025-06-16\/254830.jpg_crop.jpg_tb.jpg\" align=\"left\" \/>Robaron cifra millonaria de la casa de un barrio privado en Riachuelo<\/a><\/div>\n<\/div>\n<p>&nbsp;<\/p>\n<p>En las im\u00e1genes se ve el instante exacto de la explosi\u00f3n y c\u00f3mo, segundos despu\u00e9s, un automovilista reaccion\u00f3 con valent\u00eda: tom\u00f3 un matafuego y ayud\u00f3 a controlar el fuego antes de que se expandiera.<\/p>\n<p>&nbsp;<\/p>\n<div><video id=\"video-id-30948\" class=\"video-js vjs-default-skin vjs-16-9 vjs-big-play-centered\" poster=\"https:\/\/www.radiosudamericana.com\/notix\/multimedia\/img_videos\/2025061894661152.jpg\" preload=\"auto\" controls=\"controls\" width=\"640\" height=\"150\" data-setup=\"{}\" data-mce-fragment=\"1\"><\/video><\/div>\n<p>&nbsp;<\/p>\n<p>Radio Sudamericana<\/p>\n<\/div>\n<\/div>\n<\/div>\n","protected":false},"excerpt":{"rendered":"<p>La fuerte explosi\u00f3n se produjo el jueves 13 de junio al mediod\u00eda en una estaci\u00f3n de servicio sin bandera ubicada a pocos metros de la plaza central de Villa R\u00edo Bermejito. Un momento de tensi\u00f3n extrema qued\u00f3 registrado en video cuando un surtidor de combustible estall\u00f3 mientras se cargaba nafta a motociclistas. La detonaci\u00f3n provoc\u00f3 [&hellip;]<\/p>\n","protected":false},"author":3,"featured_media":63657,"comment_status":"open","ping_status":"open","sticky":false,"template":"","format":"standard","meta":{"footnotes":""},"categories":[8],"tags":[],"class_list":["post-63656","post","type-post","status-publish","format-standard","has-post-thumbnail","hentry","category-policiales"],"_links":{"self":[{"href":"https:\/\/informateesquina.com\/index.php?rest_route=\/wp\/v2\/posts\/63656","targetHints":{"allow":["GET"]}}],"collection":[{"href":"https:\/\/informateesquina.com\/index.php?rest_route=\/wp\/v2\/posts"}],"about":[{"href":"https:\/\/informateesquina.com\/index.php?rest_route=\/wp\/v2\/types\/post"}],"author":[{"embeddable":true,"href":"https:\/\/informateesquina.com\/index.php?rest_route=\/wp\/v2\/users\/3"}],"replies":[{"embeddable":true,"href":"https:\/\/informateesquina.com\/index.php?rest_route=%2Fwp%2Fv2%2Fcomments&post=63656"}],"version-history":[{"count":1,"href":"https:\/\/informateesquina.com\/index.php?rest_route=\/wp\/v2\/posts\/63656\/revisions"}],"predecessor-version":[{"id":63658,"href":"https:\/\/informateesquina.com\/index.php?rest_route=\/wp\/v2\/posts\/63656\/revisions\/63658"}],"wp:featuredmedia":[{"embeddable":true,"href":"https:\/\/informateesquina.com\/index.php?rest_route=\/wp\/v2\/media\/63657"}],"wp:attachment":[{"href":"https:\/\/informateesquina.com\/index.php?rest_route=%2Fwp%2Fv2%2Fmedia&parent=63656"}],"wp:term":[{"taxonomy":"category","embeddable":true,"href":"https:\/\/informateesquina.com\/index.php?rest_route=%2Fwp%2Fv2%2Fcategories&post=63656"},{"taxonomy":"post_tag","embeddable":true,"href":"https:\/\/informateesquina.com\/index.php?rest_route=%2Fwp%2Fv2%2Ftags&post=63656"}],"curies":[{"name":"wp","href":"https:\/\/api.w.org\/{rel}","templated":true}]}}