{"id":63661,"date":"2025-06-18T16:19:47","date_gmt":"2025-06-18T19:19:47","guid":{"rendered":"https:\/\/informateesquina.com\/?p=63661"},"modified":"2025-06-18T16:19:47","modified_gmt":"2025-06-18T19:19:47","slug":"todos-los-condenados-se-presentaron-ante-la-justicia-y-quedaron-detenidos","status":"publish","type":"post","link":"https:\/\/informateesquina.com\/?p=63661","title":{"rendered":"Todos los condenados se presentaron ante la Justicia y quedaron detenidos"},"content":{"rendered":"<div>\n<p class=\"copete\">El Tribunal Oral Federal 2 orden\u00f3 el cumplimiento efectivo de las penas tras el fallo de la Corte Suprema. Los condenados fueron trasladados a Ezeiza y esperan definiciones sobre pedidos de prisi\u00f3n domiciliaria.<\/p>\n<div>\n<div class=\"fotos-y-videos\">\n<div class=\"tab-content\">\n<div id=\"fotos\" class=\"tab-pane fade in active\" role=\"tabpanel\"><a class=\"fotos-desarrollo unlink\" title=\"Todos los condenados se presentaron ante la Justicia y quedaron detenidos\" href=\"https:\/\/www.radiosudamericana.com\/notix\/multimedia\/imagenes\/fotos\/2025-06-18\/169743.jpg\"><img loading=\"lazy\" decoding=\"async\" class=\"img-responsive lazyload center-block\" src=\"https:\/\/www.radiosudamericana.com\/notix\/multimedia\/imagenes\/fotos\/2025-06-18\/169743.jpg_nota.jpg\" alt=\"Todos los condenados se presentaron ante la Justicia y quedaron detenidos\" width=\"700\" height=\"581\" \/><\/a><\/div>\n<\/div>\n<\/div>\n<div class=\"cuerpo\">\n<p>Los \u00faltimos seis condenados por la causa Vialidad se presentaron este mi\u00e9rcoles ante el Tribunal Oral Federal 2 y quedaron formalmente detenidos. Cumplieron as\u00ed con el plazo de cinco d\u00edas h\u00e1biles que otorg\u00f3 la Justicia luego de que la Corte Suprema dejara firmes las condenas por administraci\u00f3n fraudulenta.<\/p>\n<p>&nbsp;<\/p>\n<div id=\"leermas\"><\/div>\n<p>&nbsp;<\/p>\n<p>Con esta decisi\u00f3n, ya son nueve los condenados que comenzaron a cumplir sus penas. Los nuevos detenidos son Nelson Periotti, ex titular de la Direcci\u00f3n Nacional de Vialidad, y los ex funcionarios de Vialidad de Santa Cruz: Juan Carlos Villafa\u00f1e, Ra\u00fal Pavesi, Mauricio Collareda, Jos\u00e9 Santib\u00e1\u00f1ez y Ra\u00fal Daruich.<\/p>\n<p>Desde temprano, los exfuncionarios arribaron al sexto piso de los tribunales de Comodoro Py, donde funciona el TOF 2. El primero en llegar fue Periotti, seguido por los dem\u00e1s acusados, quienes arribaron con bolsos y efectos personales. Algunos fueron acompa\u00f1ados por familiares y esperaron el llamado judicial junto a sus abogados en una confiter\u00eda ubicada en la planta baja del edificio.<\/p>\n<p><strong><em>\u201cEl magistrado los recibi\u00f3 con unas palabras muy acordes, explicando lo duro del momento que tienen que enfrentar\u201d<\/em><\/strong>, relat\u00f3 a Infobae el abogado Miguel Arce Aggeo, defensor de Villafa\u00f1e.<\/p>\n<p>Tras ser notificados formalmente, los seis fueron trasladados a la Unidad 29 del Servicio Penitenciario Federal y desde all\u00ed ser\u00e1n derivados a la c\u00e1rcel de Ezeiza, donde permanecer\u00e1n a la espera de definiciones judiciales. Algunos de ellos solicitaron el traslado a la unidad penitenciaria de R\u00edo Gallegos, por razones familiares.<\/p>\n<p><a class=\"fotos-desarrollo unlink\" title=\"Todos los condenados se presentaron ante la Justicia y quedaron detenidos\" href=\"https:\/\/www.radiosudamericana.com\/notix\/multimedia\/imagenes\/fotos\/2025-06-18\/282558.jpg\"><img decoding=\"async\" class=\"img-responsive\" src=\"https:\/\/www.radiosudamericana.com\/notix\/multimedia\/imagenes\/fotos\/2025-06-18\/282558.jpg_nota.jpg\" \/><\/a><\/p>\n<p>Jos\u00e9 L\u00f3pez, ex secretario de Obras P\u00fablicas, se hab\u00eda presentado el d\u00eda anterior y tambi\u00e9n qued\u00f3 alojado en el penal de Ezeiza, m\u00e1s precisamente en el hospital penitenciario, debido a antecedentes psiqui\u00e1tricos. Su defensa tambi\u00e9n solicit\u00f3 la prisi\u00f3n domiciliaria por razones de salud y seguridad, dado que L\u00f3pez es testigo arrepentido en la causa conocida como\u00a0<strong><em>\u201clos cuadernos de la corrupci\u00f3n\u201d<\/em><\/strong>.<\/p>\n<p>Otros pedidos de prisi\u00f3n domiciliaria fueron formulados por Periotti, quien est\u00e1 pr\u00f3ximo a cumplir 80 a\u00f1os y sufre m\u00faltiples problemas de salud, y por Pavesi, de 74 a\u00f1os, quien requiere asistencia respiratoria nocturna.<\/p>\n<p>Todos estos casos deber\u00e1n ser evaluados por el Cuerpo M\u00e9dico Forense. Mientras tanto, permanecer\u00e1n bajo custodia del SPF. En paralelo, se abri\u00f3 un legajo de ejecuci\u00f3n para cada condenado, donde se har\u00e1 el seguimiento del cumplimiento de la pena.<\/p>\n<p>En cuanto a la ex presidenta Cristina Fern\u00e1ndez de Kirchner, tambi\u00e9n condenada a seis a\u00f1os de prisi\u00f3n, se le concedi\u00f3 la prisi\u00f3n domiciliaria para cumplir la pena en su domicilio de la calle San Jos\u00e9 1111, en el barrio porte\u00f1o de Monserrat. Llevar\u00e1 una tobillera electr\u00f3nica cuyo sistema a\u00fan no fue instalado, y estar\u00e1 sujeta a restricciones dispuestas por el tribunal.<\/p>\n<p>Entre esas condiciones, se le ordena\u00a0<strong><em>\u201cabstenerse de adoptar comportamientos que puedan perturbar la tranquilidad del vecindario y\/o alterar la convivencia pac\u00edfica de sus habitantes\u201d<\/em><\/strong>. Ante esto, su defensa solicit\u00f3 este viernes al tribunal que aclare si la ex presidenta puede salir al balc\u00f3n de su departamento, desde donde en los \u00faltimos d\u00edas salud\u00f3 a la militancia.<\/p>\n<p>La condena de Cristina Kirchner vencer\u00e1 en junio de 2031, aunque podr\u00e1 solicitar beneficios como salidas transitorias o libertad condicional seg\u00fan los plazos que fije la ley.<\/p>\n<\/div>\n<\/div>\n<div id=\"Native-MultiPlex\" data-google-query-id=\"CI6FoNfX-40DFVmDYQYdoZMQHg\">\n<div id=\"google_ads_iframe_\/21849154601,21669678094\/Ad.Plus-MultiPlex_0__container__\">Radio Sudamericana<\/div>\n<\/div>\n<\/div>\n","protected":false},"excerpt":{"rendered":"<p>El Tribunal Oral Federal 2 orden\u00f3 el cumplimiento efectivo de las penas tras el fallo de la Corte Suprema. Los condenados fueron trasladados a Ezeiza y esperan definiciones sobre pedidos de prisi\u00f3n domiciliaria. Los \u00faltimos seis condenados por la causa Vialidad se presentaron este mi\u00e9rcoles ante el Tribunal Oral Federal 2 y quedaron formalmente detenidos. [&hellip;]<\/p>\n","protected":false},"author":3,"featured_media":63662,"comment_status":"open","ping_status":"open","sticky":false,"template":"","format":"standard","meta":{"footnotes":""},"categories":[9],"tags":[],"class_list":["post-63661","post","type-post","status-publish","format-standard","has-post-thumbnail","hentry","category-politica"],"_links":{"self":[{"href":"https:\/\/informateesquina.com\/index.php?rest_route=\/wp\/v2\/posts\/63661","targetHints":{"allow":["GET"]}}],"collection":[{"href":"https:\/\/informateesquina.com\/index.php?rest_route=\/wp\/v2\/posts"}],"about":[{"href":"https:\/\/informateesquina.com\/index.php?rest_route=\/wp\/v2\/types\/post"}],"author":[{"embeddable":true,"href":"https:\/\/informateesquina.com\/index.php?rest_route=\/wp\/v2\/users\/3"}],"replies":[{"embeddable":true,"href":"https:\/\/informateesquina.com\/index.php?rest_route=%2Fwp%2Fv2%2Fcomments&post=63661"}],"version-history":[{"count":1,"href":"https:\/\/informateesquina.com\/index.php?rest_route=\/wp\/v2\/posts\/63661\/revisions"}],"predecessor-version":[{"id":63663,"href":"https:\/\/informateesquina.com\/index.php?rest_route=\/wp\/v2\/posts\/63661\/revisions\/63663"}],"wp:featuredmedia":[{"embeddable":true,"href":"https:\/\/informateesquina.com\/index.php?rest_route=\/wp\/v2\/media\/63662"}],"wp:attachment":[{"href":"https:\/\/informateesquina.com\/index.php?rest_route=%2Fwp%2Fv2%2Fmedia&parent=63661"}],"wp:term":[{"taxonomy":"category","embeddable":true,"href":"https:\/\/informateesquina.com\/index.php?rest_route=%2Fwp%2Fv2%2Fcategories&post=63661"},{"taxonomy":"post_tag","embeddable":true,"href":"https:\/\/informateesquina.com\/index.php?rest_route=%2Fwp%2Fv2%2Ftags&post=63661"}],"curies":[{"name":"wp","href":"https:\/\/api.w.org\/{rel}","templated":true}]}}