{"id":63668,"date":"2025-06-19T09:09:12","date_gmt":"2025-06-19T12:09:12","guid":{"rendered":"https:\/\/informateesquina.com\/?p=63668"},"modified":"2025-06-19T09:09:12","modified_gmt":"2025-06-19T12:09:12","slug":"un-hombre-murio-tras-un-accidente-sobre-el-puente-del-arroyo-batelito","status":"publish","type":"post","link":"https:\/\/informateesquina.com\/?p=63668","title":{"rendered":"Un hombre muri\u00f3 tras un accidente sobre el puente del arroyo Batelito"},"content":{"rendered":"<div>\n<p class=\"copete\">El tr\u00e1gico hecho ocurri\u00f3 en la tarde del mi\u00e9rcoles sobre Ruta Nacional N\u00b0 123, km 38 aproximadamente, a la altura del Puente del Arroyo Batelito. La v\u00edctima ten\u00eda 70 a\u00f1os y viajaba en uno de los veh\u00edculos junto a una mujer y un menor de edad.<\/p>\n<div>\n<div class=\"fotos-y-videos\">\n<div class=\"tab-content\">\n<div id=\"fotos\" class=\"tab-pane fade in active\" role=\"tabpanel\"><a class=\"fotos-desarrollo unlink\" title=\"Un hombre muri\u00f3 tras un accidente sobre el puente del arroyo Batelito\" href=\"https:\/\/www.radiosudamericana.com\/notix\/multimedia\/imagenes\/fotos\/2025-06-19\/929892.jpg\"><img loading=\"lazy\" decoding=\"async\" class=\"img-responsive lazyload center-block\" src=\"https:\/\/www.radiosudamericana.com\/notix\/multimedia\/imagenes\/fotos\/2025-06-19\/929892.jpg_nota.jpg\" alt=\"Un hombre muri\u00f3 tras un accidente sobre el puente del arroyo Batelito\" width=\"700\" height=\"690\" \/><\/a><\/div>\n<\/div>\n<\/div>\n<div class=\"cuerpo\">\n<p>Desde la Polic\u00eda de Corrientes informaron a la redacci\u00f3n de radiosudamericana.com que en la tarde del mi\u00e9rcoles se produjo un accidente de tr\u00e1nsito Ruta Nacional N\u00b0 123, km 38 aproximadamente, a la altura del Puente del Arroyo Batelito en la localidad de 9 de Julio &#8211;\u00a0 San Roque.<\/p>\n<p>&nbsp;<\/p>\n<div id=\"embeds\" class=\"inser center-block\"><iframe loading=\"lazy\" title=\"\ud83d\udd34 #Atenci\u00c3\u00b3n | Un hombre muri\u00c3\u00b3 tras un accidente sobre el puente del arroyo Batelito\" src=\"https:\/\/www.youtube.com\/embed\/Wj4COnvkv8A\" width=\"640\" height=\"400\" frameborder=\"0\" allowfullscreen=\"allowfullscreen\" data-mce-fragment=\"1\"><\/iframe><\/div>\n<p>&nbsp;<\/p>\n<p>Los protagonistas del siniestro fueron \u00a0un autom\u00f3vil marca Toyota Corolla guiado por un hombre mayor de edad y un Fiat Uno, conducido por una mujer de aproximadamente 34 a\u00f1os de edad, quien ten\u00eda como acompa\u00f1ante a una menor de edad y un hombre de apellido Romero\u00a0 de 70.<\/p>\n<p>&nbsp;<\/p>\n<div><video id=\"video-id-30960\" class=\"video-js vjs-default-skin vjs-16-9 vjs-big-play-centered\" poster=\"https:\/\/www.radiosudamericana.com\/notix\/multimedia\/img_videos\/2025061915569913.jpg\" preload=\"auto\" controls=\"controls\" width=\"640\" height=\"150\" data-setup=\"{}\" data-mce-fragment=\"1\"><\/video><\/div>\n<p>&nbsp;<\/p>\n<p>Como consecuencia del fuerte impacto el hombre 70 perdi\u00f3 la vida en el acto, en tanto que las dem\u00e1s personas involucradas fueron trasladadas hasta el hospital de la localidad de Chavarr\u00eda.<\/p>\n<p>Radio Sudamericana<\/p>\n<\/div>\n<\/div>\n<\/div>\n","protected":false},"excerpt":{"rendered":"<p>El tr\u00e1gico hecho ocurri\u00f3 en la tarde del mi\u00e9rcoles sobre Ruta Nacional N\u00b0 123, km 38 aproximadamente, a la altura del Puente del Arroyo Batelito. La v\u00edctima ten\u00eda 70 a\u00f1os y viajaba en uno de los veh\u00edculos junto a una mujer y un menor de edad. Desde la Polic\u00eda de Corrientes informaron a la redacci\u00f3n [&hellip;]<\/p>\n","protected":false},"author":3,"featured_media":63669,"comment_status":"open","ping_status":"open","sticky":false,"template":"","format":"standard","meta":{"footnotes":""},"categories":[8],"tags":[],"class_list":["post-63668","post","type-post","status-publish","format-standard","has-post-thumbnail","hentry","category-policiales"],"_links":{"self":[{"href":"https:\/\/informateesquina.com\/index.php?rest_route=\/wp\/v2\/posts\/63668","targetHints":{"allow":["GET"]}}],"collection":[{"href":"https:\/\/informateesquina.com\/index.php?rest_route=\/wp\/v2\/posts"}],"about":[{"href":"https:\/\/informateesquina.com\/index.php?rest_route=\/wp\/v2\/types\/post"}],"author":[{"embeddable":true,"href":"https:\/\/informateesquina.com\/index.php?rest_route=\/wp\/v2\/users\/3"}],"replies":[{"embeddable":true,"href":"https:\/\/informateesquina.com\/index.php?rest_route=%2Fwp%2Fv2%2Fcomments&post=63668"}],"version-history":[{"count":1,"href":"https:\/\/informateesquina.com\/index.php?rest_route=\/wp\/v2\/posts\/63668\/revisions"}],"predecessor-version":[{"id":63670,"href":"https:\/\/informateesquina.com\/index.php?rest_route=\/wp\/v2\/posts\/63668\/revisions\/63670"}],"wp:featuredmedia":[{"embeddable":true,"href":"https:\/\/informateesquina.com\/index.php?rest_route=\/wp\/v2\/media\/63669"}],"wp:attachment":[{"href":"https:\/\/informateesquina.com\/index.php?rest_route=%2Fwp%2Fv2%2Fmedia&parent=63668"}],"wp:term":[{"taxonomy":"category","embeddable":true,"href":"https:\/\/informateesquina.com\/index.php?rest_route=%2Fwp%2Fv2%2Fcategories&post=63668"},{"taxonomy":"post_tag","embeddable":true,"href":"https:\/\/informateesquina.com\/index.php?rest_route=%2Fwp%2Fv2%2Ftags&post=63668"}],"curies":[{"name":"wp","href":"https:\/\/api.w.org\/{rel}","templated":true}]}}