{"id":63671,"date":"2025-06-19T09:13:05","date_gmt":"2025-06-19T12:13:05","guid":{"rendered":"https:\/\/informateesquina.com\/?p=63671"},"modified":"2025-06-19T09:13:05","modified_gmt":"2025-06-19T12:13:05","slug":"que-pasa-con-el-consumo-en-los-supermercados-y-mayoristas","status":"publish","type":"post","link":"https:\/\/informateesquina.com\/?p=63671","title":{"rendered":"\u00bfQu\u00e9 pasa con el consumo en los supermercados y mayoristas?"},"content":{"rendered":"<header>\n<div>\n<div>\n<p>El reporte de abril del INDEC da cuenta de un crecimiento del 0,5% comparado con marzo y del 8,9% a nivel interanual. En tanto, un informe privado de mayo refleja una ca\u00edda del 3,2% respecto de abril y una contracci\u00f3n del 0,9% comparado con igual mes de 2024.<\/p>\n<\/div>\n<div class=\"meta\"><time>19 de Junio, 2025<\/time><\/div>\n<\/div>\n<\/header>\n<section class=\"body\">\n<section class=\"content\">\n<div class=\"main-text\">\n<div class=\"social\">\n<div class=\"share\"><\/div>\n<\/div>\n<div class=\" large m_image\">\n<figure><picture><source srcset=\"https:\/\/www.diarioepoca.com\/content\/bucket\/8\/1434508w790h414c.jpg.webp\" type=\"image\/webp\" media=\"(min-width: 640px)\" \/><source srcset=\"https:\/\/www.diarioepoca.com\/content\/bucket\/8\/1434508w440h230c.jpg.webp\" type=\"image\/webp\" media=\"(min-width: 300px)\" \/><source srcset=\"https:\/\/www.diarioepoca.com\/content\/bucket\/8\/1434508w790h414c.jpg\" media=\"(min-width: 300px)\" \/><img loading=\"lazy\" decoding=\"async\" class=\"pic\" src=\"https:\/\/www.diarioepoca.com\/content\/bucket\/8\/1434508w790h414c.jpg.webp\" alt=\"\" width=\"790\" height=\"414\" \/><\/picture><figcaption>LOS COMERCIANTES ESPERAN POR MEJORAS SALARIALES PARA QUE SE REACTIVEN LAS VENTAS.<\/figcaption><\/figure>\n<\/div>\n<p>El Instituto Nacional de Estad\u00edstica y Censos (INDEC) inform\u00f3 ayer que las ventas en supermercados a precios constantes en abril aumentaron 0,5% en comparaci\u00f3n con marzo y un 8,9% a nivel interanual.<\/p>\n<p>En tanto que el acumulado enero-abril de 2025 mostr\u00f3 un incremento de 4,3% respecto a igual per\u00edodo del a\u00f1o pasado de acuerdo.<\/p>\n<p>Las ventas totales a precios corrientes, para abril de 2025 relevadas en la Encuesta de Supermercados, sumaron $1.975.885,8 millones, lo que representa un incremento de 48% respecto al mismo mes de 2024.<\/p>\n<p>Por su parte, el \u00edndice de ventas totales mayoristas marc\u00f3 una ca\u00edda de 2,9% respecto a igual mes de 2024. El acumulado enero-abril de 2025 presenta una ca\u00edda de 6,6% respecto a igual per\u00edodo de 2024.<\/p>\n<p>En abril de 2025, el \u00edndice de la serie desestacionalizada muestra una disminuci\u00f3n de 3,2% respecto al mes anterior y el \u00edndice serie tendencia-ciclo registra una variaci\u00f3n negativa de 0,3% respecto al mes anterior.<\/p>\n<p>Por otra parte, un informe sobre consumo masivo de la consultora Focus Market expuso que en mayo, las compras en supermercados y autoservicios cayeron 3,2% respecto de abril y tambi\u00e9n hubo una contracci\u00f3n del 0,9% a nivel interanual.<\/p>\n<p>La mayor\u00eda de los indicadores que releva ese reporte privado dieron mal, para completar el panorama tambi\u00e9n se retrajo la cantidad de tickets emitidos, es decir que la gente compra menos y va menos al supermercado, porque los ingresos no acompa\u00f1an a\u00fan pese a la baja de la inflaci\u00f3n.<\/p>\n<p>En un reciente di\u00e1logo con \u00e9poca, Marcelo Soto, gerente de una cadena local de supermercados, que incluye tienda de art\u00edculos del hogar, explic\u00f3 acerca del comportamiento del consumo durante el mes pasado.<\/p>\n<p>&#8220;El problema de fondo es que los sueldos perdieron poder adquisitivo y mientras que no haya una recomposici\u00f3n salarial que inyecte dinero, las ventas no van a reaccionar. No es que la gente no quiere comprar, trata de hacer rendir sus ingresos lo m\u00e1s que pueda&#8221;, observ\u00f3.<\/p>\n<p>Al puntualizar en el consumo de mercader\u00edas b\u00e1sicas, el mencionado detall\u00f3: &#8220;Los clientes compran lo justo y necesario, todos tratan de aprovechar al m\u00e1ximo las promociones (reintegros, descuentos y otras bonificaciones) con tarjetas o billeteras virtuales y cada vez se usa menos el efectivo&#8221;.<\/p>\n<p>Bajo esa tesitura, a\u00f1adi\u00f3: &#8220;Hay productos como los l\u00e1cteos, carnes y congelados cuya ca\u00edda en la demanda oscila entre el 10% y 15% interanual. Otro rubro que tuvo una fuerte mengua en la rotaci\u00f3n es el de las bebidas. Por citar un ejemplo, en mayo vendimos un 30% menos de cerveza que hace un a\u00f1o atr\u00e1s&#8221;.<\/p>\n<p>&#8220;En los \u00faltimos meses, los datos oficiales muestran una desaceleraci\u00f3n de la inflaci\u00f3n, lo que en teor\u00eda deber\u00eda permitir cierta recomposici\u00f3n del ingreso real. Sin embargo, este fen\u00f3meno no se traduce autom\u00e1ticamente en una mejora en el poder adquisitivo, especialmente en los sectores de clase media&#8221;, estim\u00f3 Dami\u00e1n Di Pace, director de Focus Market.<\/p>\n<p>Radio SUdamericana<\/p>\n<\/div>\n<\/section>\n<\/section>\n","protected":false},"excerpt":{"rendered":"<p>El reporte de abril del INDEC da cuenta de un crecimiento del 0,5% comparado con marzo y del 8,9% a nivel interanual. En tanto, un informe privado de mayo refleja una ca\u00edda del 3,2% respecto de abril y una contracci\u00f3n del 0,9% comparado con igual mes de 2024. 19 de Junio, 2025 LOS COMERCIANTES ESPERAN [&hellip;]<\/p>\n","protected":false},"author":3,"featured_media":63672,"comment_status":"open","ping_status":"open","sticky":false,"template":"","format":"standard","meta":{"footnotes":""},"categories":[9],"tags":[],"class_list":["post-63671","post","type-post","status-publish","format-standard","has-post-thumbnail","hentry","category-politica"],"_links":{"self":[{"href":"https:\/\/informateesquina.com\/index.php?rest_route=\/wp\/v2\/posts\/63671","targetHints":{"allow":["GET"]}}],"collection":[{"href":"https:\/\/informateesquina.com\/index.php?rest_route=\/wp\/v2\/posts"}],"about":[{"href":"https:\/\/informateesquina.com\/index.php?rest_route=\/wp\/v2\/types\/post"}],"author":[{"embeddable":true,"href":"https:\/\/informateesquina.com\/index.php?rest_route=\/wp\/v2\/users\/3"}],"replies":[{"embeddable":true,"href":"https:\/\/informateesquina.com\/index.php?rest_route=%2Fwp%2Fv2%2Fcomments&post=63671"}],"version-history":[{"count":1,"href":"https:\/\/informateesquina.com\/index.php?rest_route=\/wp\/v2\/posts\/63671\/revisions"}],"predecessor-version":[{"id":63673,"href":"https:\/\/informateesquina.com\/index.php?rest_route=\/wp\/v2\/posts\/63671\/revisions\/63673"}],"wp:featuredmedia":[{"embeddable":true,"href":"https:\/\/informateesquina.com\/index.php?rest_route=\/wp\/v2\/media\/63672"}],"wp:attachment":[{"href":"https:\/\/informateesquina.com\/index.php?rest_route=%2Fwp%2Fv2%2Fmedia&parent=63671"}],"wp:term":[{"taxonomy":"category","embeddable":true,"href":"https:\/\/informateesquina.com\/index.php?rest_route=%2Fwp%2Fv2%2Fcategories&post=63671"},{"taxonomy":"post_tag","embeddable":true,"href":"https:\/\/informateesquina.com\/index.php?rest_route=%2Fwp%2Fv2%2Ftags&post=63671"}],"curies":[{"name":"wp","href":"https:\/\/api.w.org\/{rel}","templated":true}]}}