{"id":63678,"date":"2025-06-23T08:32:26","date_gmt":"2025-06-23T11:32:26","guid":{"rendered":"https:\/\/informateesquina.com\/?p=63678"},"modified":"2025-06-23T08:32:26","modified_gmt":"2025-06-23T11:32:26","slug":"policias-correntinos-rescataron-y-reanimaron-a-un-bebe","status":"publish","type":"post","link":"https:\/\/informateesquina.com\/?p=63678","title":{"rendered":"Polic\u00edas correntinos rescataron y reanimaron a un beb\u00e9"},"content":{"rendered":"<header>\n<div>\n<div>\n<p>Tres efectivos de la comisar\u00eda D\u00e9cimo Tercera, salvaron ayer la vida de un beb\u00e9 de dos a\u00f1os que hab\u00eda perdido los signos vitales, tras una descompensaci\u00f3n mientras estaba junto a su madre oriunda del barrio Esperanza.<\/p>\n<\/div>\n<div class=\"meta\"><time>23 de Junio, 2025<\/time><\/div>\n<\/div>\n<\/header>\n<section class=\"body\">\n<section class=\"content\">\n<div class=\"main-text\">\n<div class=\"social\">\n<div class=\"share\"><\/div>\n<\/div>\n<div class=\" large m_image\">\n<figure><picture><source srcset=\"https:\/\/www.radiodos.com.ar\/content\/bucket\/1\/264641w790h414c.webp.webp\" type=\"image\/webp\" media=\"(min-width: 640px)\" \/><source srcset=\"https:\/\/www.radiodos.com.ar\/content\/bucket\/1\/264641w440h231c.webp.webp\" type=\"image\/webp\" media=\"(min-width: 300px)\" \/><source srcset=\"https:\/\/www.radiodos.com.ar\/content\/bucket\/1\/264641w790h414c.webp\" media=\"(min-width: 300px)\" \/><img loading=\"lazy\" decoding=\"async\" class=\"pic\" src=\"https:\/\/www.radiodos.com.ar\/content\/bucket\/1\/264641w790h414c.webp.webp\" alt=\"\" width=\"790\" height=\"414\" \/><\/picture><\/figure>\n<\/div>\n<p>La mujer fue quien llam\u00f3 al 911 y la patrulla C-813, a cargo del oficial subayudante Jonathan Gonz\u00e1lez, el sargento ayudante Escalante, al mando del m\u00f3vil, y el cabo Luis Romero, como custodia, se dirigieron al lugar.<\/p>\n<p>Fue alrededor de las 0:30 de la madrugada de ayer. El beb\u00e9 de nombre Axel habr\u00eda hecho un pico de fiebre y sumado a otro cuadro, provoc\u00f3 su descompensaci\u00f3n. Al llegar a la casa, los polic\u00edas subieron al ni\u00f1o y su madre al m\u00f3vil y partieron hacia el Hospital Pedi\u00e1trico Juan Pablo II, mientras lo reanimaban logrando en el camino desobstruir sus v\u00edas respiratorias y recuperar sus signos vitales. Axel sigue internado, pero fuera de peligro.<\/p>\n<p>Radio Dos<\/p>\n<\/div>\n<\/section>\n<\/section>\n","protected":false},"excerpt":{"rendered":"<p>Tres efectivos de la comisar\u00eda D\u00e9cimo Tercera, salvaron ayer la vida de un beb\u00e9 de dos a\u00f1os que hab\u00eda perdido los signos vitales, tras una descompensaci\u00f3n mientras estaba junto a su madre oriunda del barrio Esperanza. 23 de Junio, 2025 La mujer fue quien llam\u00f3 al 911 y la patrulla C-813, a cargo del oficial [&hellip;]<\/p>\n","protected":false},"author":3,"featured_media":63679,"comment_status":"open","ping_status":"open","sticky":false,"template":"","format":"standard","meta":{"footnotes":""},"categories":[8],"tags":[],"class_list":["post-63678","post","type-post","status-publish","format-standard","has-post-thumbnail","hentry","category-policiales"],"_links":{"self":[{"href":"https:\/\/informateesquina.com\/index.php?rest_route=\/wp\/v2\/posts\/63678","targetHints":{"allow":["GET"]}}],"collection":[{"href":"https:\/\/informateesquina.com\/index.php?rest_route=\/wp\/v2\/posts"}],"about":[{"href":"https:\/\/informateesquina.com\/index.php?rest_route=\/wp\/v2\/types\/post"}],"author":[{"embeddable":true,"href":"https:\/\/informateesquina.com\/index.php?rest_route=\/wp\/v2\/users\/3"}],"replies":[{"embeddable":true,"href":"https:\/\/informateesquina.com\/index.php?rest_route=%2Fwp%2Fv2%2Fcomments&post=63678"}],"version-history":[{"count":1,"href":"https:\/\/informateesquina.com\/index.php?rest_route=\/wp\/v2\/posts\/63678\/revisions"}],"predecessor-version":[{"id":63680,"href":"https:\/\/informateesquina.com\/index.php?rest_route=\/wp\/v2\/posts\/63678\/revisions\/63680"}],"wp:featuredmedia":[{"embeddable":true,"href":"https:\/\/informateesquina.com\/index.php?rest_route=\/wp\/v2\/media\/63679"}],"wp:attachment":[{"href":"https:\/\/informateesquina.com\/index.php?rest_route=%2Fwp%2Fv2%2Fmedia&parent=63678"}],"wp:term":[{"taxonomy":"category","embeddable":true,"href":"https:\/\/informateesquina.com\/index.php?rest_route=%2Fwp%2Fv2%2Fcategories&post=63678"},{"taxonomy":"post_tag","embeddable":true,"href":"https:\/\/informateesquina.com\/index.php?rest_route=%2Fwp%2Fv2%2Ftags&post=63678"}],"curies":[{"name":"wp","href":"https:\/\/api.w.org\/{rel}","templated":true}]}}