{"id":63682,"date":"2025-06-23T10:46:41","date_gmt":"2025-06-23T13:46:41","guid":{"rendered":"https:\/\/informateesquina.com\/?p=63682"},"modified":"2025-06-23T10:46:41","modified_gmt":"2025-06-23T13:46:41","slug":"choque-de-autos-provoco-ocho-heridos","status":"publish","type":"post","link":"https:\/\/informateesquina.com\/?p=63682","title":{"rendered":"Choque de autos provoc\u00f3 ocho heridos"},"content":{"rendered":"<div>\n<p>Dos autom\u00f3viles fueron protagonistas de un impresionante choque en la intersecci\u00f3n de las Rutas Provincial N\u00b06 y Nacional N\u00b0118 en cercan\u00edas a la localidad de Santa Rosa, dejando como saldo ocho personas heridas de consideraci\u00f3n.<\/p>\n<div class=\"social\">\n<div class=\"share\"><\/div>\n<\/div>\n<div class=\" large m_image\">\n<figure><picture><source srcset=\"https:\/\/www.diarioepoca.com\/content\/bucket\/0\/1435080w790h663c.jpg.webp\" type=\"image\/webp\" media=\"(min-width: 640px)\" \/><source srcset=\"https:\/\/www.diarioepoca.com\/content\/bucket\/0\/1435080w440h369c.jpg.webp\" type=\"image\/webp\" media=\"(min-width: 300px)\" \/><source srcset=\"https:\/\/www.diarioepoca.com\/content\/bucket\/0\/1435080w790h663c.jpg\" media=\"(min-width: 300px)\" \/><img loading=\"lazy\" decoding=\"async\" class=\"pic\" src=\"https:\/\/www.diarioepoca.com\/content\/bucket\/0\/1435080w790h663c.jpg.webp\" alt=\"\" width=\"790\" height=\"663\" \/><\/picture><figcaption>HAY CINCO HERIDOS GRAVES.<\/figcaption><\/figure>\n<\/div>\n<p>Fue cerca de las 20:45 de este s\u00e1bado, en la zona denominada las 4 bocas, donde por causas que se intentan establecer chocaron un Peugeot, oriundo de Santa Rosa, que termin\u00f3 volcado con sus cuatro ruedas hacia arriba, y un Renault Oroch, procedente de la provincia de Buenos Aires, que presentaba serios da\u00f1os en su parte frontal. Entre los heridos hay varios con traumatismos de cr\u00e1neo y golpes de consideraci\u00f3n. Cinco pacientes fueron derivados a Saladas, para realizarles tomograf\u00edas. Los datos oficiales indican que los auxiliados fueron Vallejos M., S\u00e1nchez L., S\u00e1nchez M., Lafuente T., Rodr\u00edguez N., Vergara C., Romero J. A. y Toledo J. inform\u00f3 la polic\u00eda. Bomberos voluntarios, efectivos de la comisar\u00eda de Santa Rosa y ambulancias del hospital local trabajaron en el auxilio de las v\u00edctimas.<\/p>\n<p>\u00c9poca<\/p>\n<\/div>\n","protected":false},"excerpt":{"rendered":"<p>Dos autom\u00f3viles fueron protagonistas de un impresionante choque en la intersecci\u00f3n de las Rutas Provincial N\u00b06 y Nacional N\u00b0118 en cercan\u00edas a la localidad de Santa Rosa, dejando como saldo ocho personas heridas de consideraci\u00f3n. HAY CINCO HERIDOS GRAVES. Fue cerca de las 20:45 de este s\u00e1bado, en la zona denominada las 4 bocas, donde [&hellip;]<\/p>\n","protected":false},"author":3,"featured_media":63683,"comment_status":"open","ping_status":"open","sticky":false,"template":"","format":"standard","meta":{"footnotes":""},"categories":[8],"tags":[],"class_list":["post-63682","post","type-post","status-publish","format-standard","has-post-thumbnail","hentry","category-policiales"],"_links":{"self":[{"href":"https:\/\/informateesquina.com\/index.php?rest_route=\/wp\/v2\/posts\/63682","targetHints":{"allow":["GET"]}}],"collection":[{"href":"https:\/\/informateesquina.com\/index.php?rest_route=\/wp\/v2\/posts"}],"about":[{"href":"https:\/\/informateesquina.com\/index.php?rest_route=\/wp\/v2\/types\/post"}],"author":[{"embeddable":true,"href":"https:\/\/informateesquina.com\/index.php?rest_route=\/wp\/v2\/users\/3"}],"replies":[{"embeddable":true,"href":"https:\/\/informateesquina.com\/index.php?rest_route=%2Fwp%2Fv2%2Fcomments&post=63682"}],"version-history":[{"count":1,"href":"https:\/\/informateesquina.com\/index.php?rest_route=\/wp\/v2\/posts\/63682\/revisions"}],"predecessor-version":[{"id":63684,"href":"https:\/\/informateesquina.com\/index.php?rest_route=\/wp\/v2\/posts\/63682\/revisions\/63684"}],"wp:featuredmedia":[{"embeddable":true,"href":"https:\/\/informateesquina.com\/index.php?rest_route=\/wp\/v2\/media\/63683"}],"wp:attachment":[{"href":"https:\/\/informateesquina.com\/index.php?rest_route=%2Fwp%2Fv2%2Fmedia&parent=63682"}],"wp:term":[{"taxonomy":"category","embeddable":true,"href":"https:\/\/informateesquina.com\/index.php?rest_route=%2Fwp%2Fv2%2Fcategories&post=63682"},{"taxonomy":"post_tag","embeddable":true,"href":"https:\/\/informateesquina.com\/index.php?rest_route=%2Fwp%2Fv2%2Ftags&post=63682"}],"curies":[{"name":"wp","href":"https:\/\/api.w.org\/{rel}","templated":true}]}}