{"id":63718,"date":"2025-06-24T19:36:09","date_gmt":"2025-06-24T22:36:09","guid":{"rendered":"https:\/\/informateesquina.com\/?p=63718"},"modified":"2025-06-24T19:48:56","modified_gmt":"2025-06-24T22:48:56","slug":"el-jefe-de-estado-irani-anuncio-el-fin-de-la-guerra-contra-israel","status":"publish","type":"post","link":"https:\/\/informateesquina.com\/?p=63718","title":{"rendered":"El jefe de Estado iran\u00ed anunci\u00f3 el fin de la guerra contra Israel"},"content":{"rendered":"<header>\n<h1><span style=\"color: #333333; font-size: 15px;\">Horas antes, Masud Pezeshkian hab\u00eda confirmado que su pa\u00eds continuar\u00e1 con su programa nuclear civil, aunque no busca fabricar armas. Por su parte, el gobierno de Netanyahu levant\u00f3 todas las restricciones de seguridad por el cese el fuego y retoma las actividades: en Tel Aviv vuelven a abrir las escuelas y la gente regresa a sus trabajos.<\/span><\/h1>\n<div class=\"meta\"><\/div>\n<\/header>\n<section class=\"body\">\n<section class=\"content\">\n<figure class=\"big-column\"><picture><source srcset=\"https:\/\/www.radiodos.com.ar\/content\/bucket\/7\/264797w850h456c.jpg.webp\" type=\"image\/webp\" media=\"(min-width: 640px)\" \/><source srcset=\"https:\/\/www.radiodos.com.ar\/content\/bucket\/7\/264797w480h257c.jpg.webp\" type=\"image\/webp\" media=\"(min-width: 300px)\" \/><source srcset=\"https:\/\/www.radiodos.com.ar\/content\/bucket\/7\/264797w850h456c.jpg\" media=\"(min-width: 300px)\" \/><img loading=\"lazy\" decoding=\"async\" class=\"pic\" src=\"https:\/\/www.radiodos.com.ar\/content\/bucket\/7\/264797w850h456c.jpg.webp\" alt=\"\" width=\"850\" height=\"456\" \/><\/picture><\/figure>\n<div class=\"main-text\">\n<div class=\"social\">\n<div class=\"share\"><\/div>\n<\/div>\n<p>Netanyahu habl\u00f3 con Trump y se comprometi\u00f3 a evitar realizar nuevos ataques sobre Ir\u00e1n<\/p>\n<p>Tras restablecer el alto el fuego, Trump afirm\u00f3 que Ir\u00e1n ser\u00e1 &#8220;una gran naci\u00f3n comercial sin armas nucleares&#8221;<\/p>\n<p>Trump afirm\u00f3 que los ataques de EE.UU. a Ir\u00e1n causaron &#8220;da\u00f1os monumentales&#8221; a las plantas nucleares<\/p>\n<p>El jefe de Estado iran\u00ed, Masud Pezeshkian, afirm\u00f3 este martes que termin\u00f3 la guerra de 12 d\u00edas, horas despu\u00e9s de la entrada en vigor del alto el fuego propuesto por el presidente estadounidense, Donald Trump.<\/p>\n<p>&#8220;Estamos presenciando un alto el fuego y el fin de la guerra de los 12 d\u00edas que fue impuesta al pueblo iran\u00ed a trav\u00e9s de la agresi\u00f3n imprudente y el belicismo del r\u00e9gimen sionista&#8221;, dijo en un comunicado.<br \/>\nA su vez, el mandatario se mostr\u00f3 dispuesto a resolver sus conflictos con Estados Unidos por v\u00edas diplom\u00e1ticas.<\/p>\n<\/div>\n<\/section>\n<\/section>\n","protected":false},"excerpt":{"rendered":"<p>Horas antes, Masud Pezeshkian hab\u00eda confirmado que su pa\u00eds continuar\u00e1 con su programa nuclear civil, aunque no busca fabricar armas. Por su parte, el gobierno de Netanyahu levant\u00f3 todas las restricciones de seguridad por el cese el fuego y retoma las actividades: en Tel Aviv vuelven a abrir las escuelas y la gente regresa a [&hellip;]<\/p>\n","protected":false},"author":3,"featured_media":63719,"comment_status":"open","ping_status":"open","sticky":false,"template":"","format":"standard","meta":{"footnotes":""},"categories":[5],"tags":[],"class_list":["post-63718","post","type-post","status-publish","format-standard","has-post-thumbnail","hentry","category-internacionales"],"_links":{"self":[{"href":"https:\/\/informateesquina.com\/index.php?rest_route=\/wp\/v2\/posts\/63718","targetHints":{"allow":["GET"]}}],"collection":[{"href":"https:\/\/informateesquina.com\/index.php?rest_route=\/wp\/v2\/posts"}],"about":[{"href":"https:\/\/informateesquina.com\/index.php?rest_route=\/wp\/v2\/types\/post"}],"author":[{"embeddable":true,"href":"https:\/\/informateesquina.com\/index.php?rest_route=\/wp\/v2\/users\/3"}],"replies":[{"embeddable":true,"href":"https:\/\/informateesquina.com\/index.php?rest_route=%2Fwp%2Fv2%2Fcomments&post=63718"}],"version-history":[{"count":1,"href":"https:\/\/informateesquina.com\/index.php?rest_route=\/wp\/v2\/posts\/63718\/revisions"}],"predecessor-version":[{"id":63720,"href":"https:\/\/informateesquina.com\/index.php?rest_route=\/wp\/v2\/posts\/63718\/revisions\/63720"}],"wp:featuredmedia":[{"embeddable":true,"href":"https:\/\/informateesquina.com\/index.php?rest_route=\/wp\/v2\/media\/63719"}],"wp:attachment":[{"href":"https:\/\/informateesquina.com\/index.php?rest_route=%2Fwp%2Fv2%2Fmedia&parent=63718"}],"wp:term":[{"taxonomy":"category","embeddable":true,"href":"https:\/\/informateesquina.com\/index.php?rest_route=%2Fwp%2Fv2%2Fcategories&post=63718"},{"taxonomy":"post_tag","embeddable":true,"href":"https:\/\/informateesquina.com\/index.php?rest_route=%2Fwp%2Fv2%2Ftags&post=63718"}],"curies":[{"name":"wp","href":"https:\/\/api.w.org\/{rel}","templated":true}]}}