{"id":63727,"date":"2025-06-25T09:45:18","date_gmt":"2025-06-25T12:45:18","guid":{"rendered":"https:\/\/informateesquina.com\/?p=63727"},"modified":"2025-06-25T09:45:18","modified_gmt":"2025-06-25T12:45:18","slug":"fatal-un-hombre-que-podaba-un-arbol-cayo-de-una-escalera-y-murio","status":"publish","type":"post","link":"https:\/\/informateesquina.com\/?p=63727","title":{"rendered":"Fatal: un hombre que podaba un \u00e1rbol cay\u00f3 de una escalera y muri\u00f3"},"content":{"rendered":"<div>\n<p class=\"copete\">El hecho tr\u00e1gico\u00a0tuvo lugar este martes en horas de la tarde en el Barrio Ant\u00e1rtida Argentina de la capital correntina. La v\u00edctima, de entre 40 y 45 a\u00f1os, golpe\u00f3 su cabeza contra un tronco tras caer de varios metros.<\/p>\n<div class=\"fotos-y-videos\">\n<div class=\"tab-content\">\n<div id=\"fotos\" class=\"tab-pane fade in active\" role=\"tabpanel\"><a class=\"fotos-desarrollo unlink\" title=\"Fatal: un hombre que podaba un \u00e1rbol cay\u00f3 de una escalera y muri\u00f3\" href=\"https:\/\/www.radiosudamericana.com\/notix\/multimedia\/imagenes\/fotos\/2025-06-24\/750761.jpeg\"><img loading=\"lazy\" decoding=\"async\" class=\"img-responsive lazyload center-block\" src=\"https:\/\/www.radiosudamericana.com\/notix\/multimedia\/imagenes\/fotos\/2025-06-24\/750761.jpeg_nota.jpeg\" alt=\"Fatal: un hombre que podaba un \u00e1rbol cay\u00f3 de una escalera y muri\u00f3\" width=\"700\" height=\"525\" \/><\/a><\/div>\n<\/div>\n<\/div>\n<p>&nbsp;<\/p>\n<div id=\"pvideo1\" class=\"embed-responsive\"><video id=\"video-id\" class=\"video-js vjs-default-skin vjs-16-9 vjs-big-play-centered\" poster=\"https:\/\/www.radiosudamericana.com\/notix\/multimedia\/img_videos\/2025062455954909.jpg\" preload=\"auto\" controls=\"controls\" width=\"640\" height=\"150\" data-setup=\"{}\" data-mce-fragment=\"1\"><\/video><\/div>\n<p>&nbsp;<\/p>\n<div class=\"cuerpo\">\n<p>Un tr\u00e1gico accidente ocurri\u00f3 este martes por la tarde en una esquina del Barrio Ant\u00e1rtida Argentina de la ciudad de Corrientes. Un hombre de aproximadamente 45 a\u00f1os perdi\u00f3 la vida mientras realizaba tareas de poda en un predio abandonado.<\/p>\n<p>Seg\u00fan informaci\u00f3n a la que accedi\u00f3 el cronista de Sudamericana que lleg\u00f3 al lugar, el hecho se registr\u00f3 en un terreno ubicado sobre calle Rep\u00fablica Dominicana, casi Regimiento de Patricios.<\/p>\n<p><a class=\"fotos-desarrollo unlink\" title=\"Fatal: un hombre que podaba un \u00e1rbol cay\u00f3 de una escalera y muri\u00f3\" href=\"https:\/\/www.radiosudamericana.com\/notix\/multimedia\/imagenes\/fotos\/2025-06-24\/198897.jpeg\"><img decoding=\"async\" class=\"img-responsive\" src=\"https:\/\/www.radiosudamericana.com\/notix\/multimedia\/imagenes\/fotos\/2025-06-24\/198897.jpeg_nota.jpeg\" \/><\/a><\/p>\n<p>De acuerdo a los primeros datos, el hombre estaba acompa\u00f1ado por otra persona cuando subi\u00f3 a una escalera con una motosierra para cortar ramas. La v\u00edctima habr\u00eda perdido el equilibrio, cay\u00f3 y golpe\u00f3 su cabeza contra uno de los troncos. El golpe fue fatal.<\/p>\n<p><a class=\"fotos-desarrollo unlink\" title=\"Fatal: un hombre que podaba un \u00e1rbol cay\u00f3 de una escalera y muri\u00f3\" href=\"https:\/\/www.radiosudamericana.com\/notix\/multimedia\/imagenes\/fotos\/2025-06-24\/926872.jpeg\"><img decoding=\"async\" class=\"img-responsive\" src=\"https:\/\/www.radiosudamericana.com\/notix\/multimedia\/imagenes\/fotos\/2025-06-24\/926872.jpeg_nota.jpeg\" \/><\/a><\/p>\n<p>&nbsp;<\/p>\n<div id=\"leermas\">Radio Sudamericana<\/div>\n<\/div>\n<\/div>\n","protected":false},"excerpt":{"rendered":"<p>El hecho tr\u00e1gico\u00a0tuvo lugar este martes en horas de la tarde en el Barrio Ant\u00e1rtida Argentina de la capital correntina. La v\u00edctima, de entre 40 y 45 a\u00f1os, golpe\u00f3 su cabeza contra un tronco tras caer de varios metros. &nbsp; &nbsp; Un tr\u00e1gico accidente ocurri\u00f3 este martes por la tarde en una esquina del Barrio [&hellip;]<\/p>\n","protected":false},"author":3,"featured_media":63728,"comment_status":"open","ping_status":"open","sticky":false,"template":"","format":"standard","meta":{"footnotes":""},"categories":[8],"tags":[],"class_list":["post-63727","post","type-post","status-publish","format-standard","has-post-thumbnail","hentry","category-policiales"],"_links":{"self":[{"href":"https:\/\/informateesquina.com\/index.php?rest_route=\/wp\/v2\/posts\/63727","targetHints":{"allow":["GET"]}}],"collection":[{"href":"https:\/\/informateesquina.com\/index.php?rest_route=\/wp\/v2\/posts"}],"about":[{"href":"https:\/\/informateesquina.com\/index.php?rest_route=\/wp\/v2\/types\/post"}],"author":[{"embeddable":true,"href":"https:\/\/informateesquina.com\/index.php?rest_route=\/wp\/v2\/users\/3"}],"replies":[{"embeddable":true,"href":"https:\/\/informateesquina.com\/index.php?rest_route=%2Fwp%2Fv2%2Fcomments&post=63727"}],"version-history":[{"count":1,"href":"https:\/\/informateesquina.com\/index.php?rest_route=\/wp\/v2\/posts\/63727\/revisions"}],"predecessor-version":[{"id":63729,"href":"https:\/\/informateesquina.com\/index.php?rest_route=\/wp\/v2\/posts\/63727\/revisions\/63729"}],"wp:featuredmedia":[{"embeddable":true,"href":"https:\/\/informateesquina.com\/index.php?rest_route=\/wp\/v2\/media\/63728"}],"wp:attachment":[{"href":"https:\/\/informateesquina.com\/index.php?rest_route=%2Fwp%2Fv2%2Fmedia&parent=63727"}],"wp:term":[{"taxonomy":"category","embeddable":true,"href":"https:\/\/informateesquina.com\/index.php?rest_route=%2Fwp%2Fv2%2Fcategories&post=63727"},{"taxonomy":"post_tag","embeddable":true,"href":"https:\/\/informateesquina.com\/index.php?rest_route=%2Fwp%2Fv2%2Ftags&post=63727"}],"curies":[{"name":"wp","href":"https:\/\/api.w.org\/{rel}","templated":true}]}}