{"id":63746,"date":"2025-06-25T22:19:42","date_gmt":"2025-06-26T01:19:42","guid":{"rendered":"https:\/\/informateesquina.com\/?p=63746"},"modified":"2025-06-25T22:22:16","modified_gmt":"2025-06-26T01:22:16","slug":"coty-romero-respondio-a-las-criticas-por-su-look-en-la-final-de-gran-hermano","status":"publish","type":"post","link":"https:\/\/informateesquina.com\/?p=63746","title":{"rendered":"Coty Romero respondi\u00f3 a las cr\u00edticas por su look en la final de Gran Hermano"},"content":{"rendered":"<div class=\"fotos-y-videos\">\n<ul class=\"nav nav-tabs\" role=\"tablist\">\n<li class=\"active\" role=\"presentation\"><a class=\"fotos-desarrollo unlink\" title=\"Coty Romero respondi\u00f3 a las cr\u00edticas por su look en la final de Gran Hermano\" href=\"https:\/\/www.radiosudamericana.com\/notix\/multimedia\/imagenes\/fotos\/2025-06-25\/378810.jpeg\"><img loading=\"lazy\" decoding=\"async\" class=\"img-responsive lazyload center-block\" src=\"https:\/\/www.radiosudamericana.com\/notix\/multimedia\/imagenes\/fotos\/2025-06-25\/378810.jpeg_nota.jpeg\" alt=\"Coty Romero respondi\u00f3 a las cr\u00edticas por su look en la final de Gran Hermano\" width=\"700\" height=\"672\" \/><\/a><\/li>\n<\/ul>\n<\/div>\n<p>&nbsp;<\/p>\n<div class=\"cuerpo\">\n<p>A trav\u00e9s de sus historias de Instagram, Coty (vestida con su look para la gran fianl) comparti\u00f3 un mensaje donde mostr\u00f3 su hartazgo ante la presi\u00f3n est\u00e9tica que reciben muchas mujeres p\u00fablicas y que invita a reflexionar.<\/p>\n<p>\u201cHoy sub\u00ed la foto y aunque antes de hacerlo dud\u00e9, porque\u00a0sab\u00eda los comentarios que vendr\u00edan, me replante\u00e9 el querer cumplir con ciertos est\u00e1ndares\u00a0y me siento orgullosa, porque en otro momento de mi vida no lo hubiese hecho\u201d, comenz\u00f3 escribiendo la ex Gran Hermano.<\/p>\n<h2><em><strong>El descargo de Coty Romero<\/strong><\/em><\/h2>\n<p>Y luego, abri\u00f3 su coraz\u00f3n: \u201cNo quiero ser parte de una sociedad que tenga que dejar de comer para verse bien, ni tener que pasar por un quir\u00f3fano para satisfacer a otros. Ojo, el que lo hace no est\u00e1 mal, cada uno es libre de hacer lo que le haga sentir mejor, pero la salud est\u00e1 primero siempre\u201d.<\/p>\n<p><a class=\"fotos-desarrollo unlink\" title=\"Coty Romero respondi\u00f3 a las cr\u00edticas por su look en la final de Gran Hermano\" href=\"https:\/\/www.radiosudamericana.com\/notix\/multimedia\/imagenes\/fotos\/2025-06-25\/449213.jpeg\"><img decoding=\"async\" class=\"img-responsive\" src=\"https:\/\/www.radiosudamericana.com\/notix\/multimedia\/imagenes\/fotos\/2025-06-25\/449213.jpeg_nota.jpeg\" \/><\/a><\/p>\n<p>&#8220;Estoy en mis d\u00edas, s\u00ed. Soy mujer,\u00a0me veo m\u00e1s inflamada cuando tengo mi per\u00edodo, tengo grasa que cubre mi vientre, soy bajita y con piernas y caderas grandes. No tengo pechos perfectos y mis brazos son voluminosos. Pero esas son justamente las cosas que m\u00e1s amo de m\u00ed.\u00a0Son las cosas que Dios me proporcion\u00f3 y estoy agradecida de eso&#8221;, agreg\u00f3.<\/p>\n<p>Y continu\u00f3: &#8220;La verdad es que empec\u00e9 el gimnasio por salud pero\u00a0no me cuido con las comidas porque me hace feliz comer\u00a0sin pensar en lo que el resto quiere o no de m\u00ed. Me gusta vestirme como quiero sin seguir patrones ni \u2018consejos\u2019 porque esas son cosas completamente subjetivas y porque\u00a0al final del d\u00eda s\u00f3lo importa lo que yo quiero porque es mi vida, mi elecci\u00f3n y porque la \u00fanica persona que va a vivir conmigo hasta el d\u00eda que me muera, soy solo yo&#8221;.<\/p>\n<p><a class=\"fotos-desarrollo unlink\" title=\"Coty Romero respondi\u00f3 a las cr\u00edticas por su look en la final de Gran Hermano\" href=\"https:\/\/www.radiosudamericana.com\/notix\/multimedia\/imagenes\/fotos\/2025-06-25\/796576.jpeg\"><img decoding=\"async\" class=\"img-responsive\" src=\"https:\/\/www.radiosudamericana.com\/notix\/multimedia\/imagenes\/fotos\/2025-06-25\/796576.jpeg_nota.jpeg\" \/><\/a><\/p>\n<p>&#8220;Quiero que vean mi cuerpo tal y como es, con celulitis, con grasa, con manchas y m\u00e1s, as\u00ed natural. Porque hace un tiempo que decid\u00ed mostrarme tal cual soy,\u00a0hace tanto que no me inyecto nada, no quiero, porque me acepto as\u00ed, me amo m\u00e1s que nunca y porque soy esto y ojal\u00e1 m\u00e1s personas puedan sentir lo mismo y poder aceptarse sin m\u00e1s&#8221;, escribi\u00f3 la correntina.<\/p>\n<p>Por \u00faltimo, cerr\u00f3: &#8220;Ser reales, con menos estereotipos que nos encasillen. Cuidarnos solo para nuestro bienestar. Ojal\u00e1 vos, que te sent\u00eds juzgada\/o y\/o insegura\/o por alguna raz\u00f3n, puedas entender esto y\u00a0puedas abrazar tus \u2018defectos\u2019 que te hacen ser quien sos&#8221;.<\/p>\n<p><strong>Publicaci\u00f3n de Coty Romero antes las cr\u00edticas de su cuerpo.<\/strong><\/p>\n<p>Luego, Coty comparti\u00f3 otra foto m\u00e1s, esta vez de su reciente viaje por Disney, y agreg\u00f3 un mensaje reforzando el amor propio:\u00a0\u201c\u00c1mense, con o sin panza, altos o bajos, con pelitos por todas partes o con partes en donde cuesten crecer pelitos. No saben lo afortunados que somos de tener un cuerpo, poder movernos,\u00a0ser libres y tener salud sobre todo&#8221;.<\/p>\n<p><a class=\"fotos-desarrollo unlink\" title=\"Coty Romero respondi\u00f3 a las cr\u00edticas por su look en la final de Gran Hermano\" href=\"https:\/\/www.radiosudamericana.com\/notix\/multimedia\/imagenes\/fotos\/2025-06-25\/383281.jpeg\"><img decoding=\"async\" class=\"img-responsive\" src=\"https:\/\/www.radiosudamericana.com\/notix\/multimedia\/imagenes\/fotos\/2025-06-25\/383281.jpeg_nota.jpeg\" \/><\/a><\/p>\n<p>&#8220;Y recuerden que todos somos distintos y eso es lo m\u00e1gico de la vida.\u00a0Si\u00e9ntanse hermosas\/os porque lo que para uno es poco valioso, para otros lo es todo. Y nunca dejen que los comentarios externos los agobien, eso es un reflejo del otro. Y\u00a0quien es feliz, no se fija en los dem\u00e1s&#8221;, concluy\u00f3.<\/p>\n<p>Con esta declaraci\u00f3n, Coty no solo puso freno a los comentarios maliciosos, sino que tambi\u00e9n dio un mensaje claro de autoaceptaci\u00f3n y empoderamiento, que r\u00e1pidamente fue respaldado por sus seguidores.<\/p>\n<\/div>\n","protected":false},"excerpt":{"rendered":"<p>&nbsp; A trav\u00e9s de sus historias de Instagram, Coty (vestida con su look para la gran fianl) comparti\u00f3 un mensaje donde mostr\u00f3 su hartazgo ante la presi\u00f3n est\u00e9tica que reciben muchas mujeres p\u00fablicas y que invita a reflexionar. \u201cHoy sub\u00ed la foto y aunque antes de hacerlo dud\u00e9, porque\u00a0sab\u00eda los comentarios que vendr\u00edan, me replante\u00e9 [&hellip;]<\/p>\n","protected":false},"author":3,"featured_media":63747,"comment_status":"open","ping_status":"open","sticky":false,"template":"","format":"standard","meta":{"footnotes":""},"categories":[4],"tags":[],"class_list":["post-63746","post","type-post","status-publish","format-standard","has-post-thumbnail","hentry","category-espectaculos"],"_links":{"self":[{"href":"https:\/\/informateesquina.com\/index.php?rest_route=\/wp\/v2\/posts\/63746","targetHints":{"allow":["GET"]}}],"collection":[{"href":"https:\/\/informateesquina.com\/index.php?rest_route=\/wp\/v2\/posts"}],"about":[{"href":"https:\/\/informateesquina.com\/index.php?rest_route=\/wp\/v2\/types\/post"}],"author":[{"embeddable":true,"href":"https:\/\/informateesquina.com\/index.php?rest_route=\/wp\/v2\/users\/3"}],"replies":[{"embeddable":true,"href":"https:\/\/informateesquina.com\/index.php?rest_route=%2Fwp%2Fv2%2Fcomments&post=63746"}],"version-history":[{"count":1,"href":"https:\/\/informateesquina.com\/index.php?rest_route=\/wp\/v2\/posts\/63746\/revisions"}],"predecessor-version":[{"id":63748,"href":"https:\/\/informateesquina.com\/index.php?rest_route=\/wp\/v2\/posts\/63746\/revisions\/63748"}],"wp:featuredmedia":[{"embeddable":true,"href":"https:\/\/informateesquina.com\/index.php?rest_route=\/wp\/v2\/media\/63747"}],"wp:attachment":[{"href":"https:\/\/informateesquina.com\/index.php?rest_route=%2Fwp%2Fv2%2Fmedia&parent=63746"}],"wp:term":[{"taxonomy":"category","embeddable":true,"href":"https:\/\/informateesquina.com\/index.php?rest_route=%2Fwp%2Fv2%2Fcategories&post=63746"},{"taxonomy":"post_tag","embeddable":true,"href":"https:\/\/informateesquina.com\/index.php?rest_route=%2Fwp%2Fv2%2Ftags&post=63746"}],"curies":[{"name":"wp","href":"https:\/\/api.w.org\/{rel}","templated":true}]}}