{"id":63749,"date":"2025-06-26T08:58:48","date_gmt":"2025-06-26T11:58:48","guid":{"rendered":"https:\/\/informateesquina.com\/?p=63749"},"modified":"2025-06-26T08:58:48","modified_gmt":"2025-06-26T11:58:48","slug":"estaba-techando-una-vivienda-perdio-el-equilibrio-cayo-y-murio","status":"publish","type":"post","link":"https:\/\/informateesquina.com\/?p=63749","title":{"rendered":"Estaba techando una vivienda, perdi\u00f3 el equilibrio, cay\u00f3 y muri\u00f3"},"content":{"rendered":"<div>\n<p class=\"copete\">El lamentable incidente sucedi\u00f3 este mi\u00e9rcoles por la ma\u00f1ana en la localidad de Santa Luc\u00eda. El joven fallecido ten\u00eda 20 a\u00f1os y falleci\u00f3 camino al hospital local.<\/p>\n<div>\n<div class=\"fotos-y-videos\">\n<div class=\"tab-content\">\n<div id=\"fotos\" class=\"tab-pane fade in active\" role=\"tabpanel\"><a class=\"fotos-desarrollo unlink\" title=\"Estaba techando una vivienda, perdi\u00f3 el equilibrio, cay\u00f3 y muri\u00f3\" href=\"https:\/\/www.radiosudamericana.com\/notix\/multimedia\/imagenes\/fotos\/2025-06-26\/187484.jpg\"><img loading=\"lazy\" decoding=\"async\" class=\"img-responsive lazyload center-block\" src=\"https:\/\/www.radiosudamericana.com\/notix\/multimedia\/imagenes\/fotos\/2025-06-26\/187484.jpg_nota.jpg\" alt=\"Estaba techando una vivienda, perdi\u00f3 el equilibrio, cay\u00f3 y muri\u00f3\" width=\"700\" height=\"466\" \/><\/a><\/div>\n<\/div>\n<\/div>\n<div class=\"cuerpo\">\n<p>Desde la Polic\u00eda de Corrientes confirmaron que un joven perdi\u00f3 la vida tras caer de una construcci\u00f3n cuando se hallaba colocando el techo de la propiedad. Fue en la ma\u00f1ana de este mi\u00e9rcoles, alrededor de las 9, en Santa Luc\u00eda.<\/p>\n<p>Seg\u00fan la primera informaci\u00f3n inicial, el joven de apellido Fern\u00e1ndez, de 20 a\u00f1os, se encontraba techando un segundo piso de una vivienda ubicada en el Barrio Esperanza de la mencionada localidad. Habr\u00eda perdido el equilibrio y ca\u00eddo, siendo auxiliado r\u00e1pidamente y trasladado al Hospital local, pero lamentablemente lleg\u00f3 sin vida.<\/p>\n<p>En el lugar se realizaron las diligencias correspondientes, poniendo en conocimiento a la Unidad Fiscal en turno, en tanto en la citada dependencia se continuaron con los tramites de rigor.<\/p>\n<p>Radio Sudamericana<\/p>\n<\/div>\n<\/div>\n<\/div>\n","protected":false},"excerpt":{"rendered":"<p>El lamentable incidente sucedi\u00f3 este mi\u00e9rcoles por la ma\u00f1ana en la localidad de Santa Luc\u00eda. El joven fallecido ten\u00eda 20 a\u00f1os y falleci\u00f3 camino al hospital local. Desde la Polic\u00eda de Corrientes confirmaron que un joven perdi\u00f3 la vida tras caer de una construcci\u00f3n cuando se hallaba colocando el techo de la propiedad. Fue en [&hellip;]<\/p>\n","protected":false},"author":3,"featured_media":63750,"comment_status":"open","ping_status":"open","sticky":false,"template":"","format":"standard","meta":{"footnotes":""},"categories":[8],"tags":[],"class_list":["post-63749","post","type-post","status-publish","format-standard","has-post-thumbnail","hentry","category-policiales"],"_links":{"self":[{"href":"https:\/\/informateesquina.com\/index.php?rest_route=\/wp\/v2\/posts\/63749","targetHints":{"allow":["GET"]}}],"collection":[{"href":"https:\/\/informateesquina.com\/index.php?rest_route=\/wp\/v2\/posts"}],"about":[{"href":"https:\/\/informateesquina.com\/index.php?rest_route=\/wp\/v2\/types\/post"}],"author":[{"embeddable":true,"href":"https:\/\/informateesquina.com\/index.php?rest_route=\/wp\/v2\/users\/3"}],"replies":[{"embeddable":true,"href":"https:\/\/informateesquina.com\/index.php?rest_route=%2Fwp%2Fv2%2Fcomments&post=63749"}],"version-history":[{"count":1,"href":"https:\/\/informateesquina.com\/index.php?rest_route=\/wp\/v2\/posts\/63749\/revisions"}],"predecessor-version":[{"id":63751,"href":"https:\/\/informateesquina.com\/index.php?rest_route=\/wp\/v2\/posts\/63749\/revisions\/63751"}],"wp:featuredmedia":[{"embeddable":true,"href":"https:\/\/informateesquina.com\/index.php?rest_route=\/wp\/v2\/media\/63750"}],"wp:attachment":[{"href":"https:\/\/informateesquina.com\/index.php?rest_route=%2Fwp%2Fv2%2Fmedia&parent=63749"}],"wp:term":[{"taxonomy":"category","embeddable":true,"href":"https:\/\/informateesquina.com\/index.php?rest_route=%2Fwp%2Fv2%2Fcategories&post=63749"},{"taxonomy":"post_tag","embeddable":true,"href":"https:\/\/informateesquina.com\/index.php?rest_route=%2Fwp%2Fv2%2Ftags&post=63749"}],"curies":[{"name":"wp","href":"https:\/\/api.w.org\/{rel}","templated":true}]}}