{"id":63752,"date":"2025-06-26T09:01:40","date_gmt":"2025-06-26T12:01:40","guid":{"rendered":"https:\/\/informateesquina.com\/?p=63752"},"modified":"2025-06-26T09:01:40","modified_gmt":"2025-06-26T12:01:40","slug":"estres-economico-el-50-de-los-argentinos-percibe-que-no-llega-a-fin-de-mes","status":"publish","type":"post","link":"https:\/\/informateesquina.com\/?p=63752","title":{"rendered":"Estr\u00e9s econ\u00f3mico: el 50% de los argentinos percibe que no llega a fin de mes"},"content":{"rendered":"<div>\n<p class=\"copete\">El estr\u00e9s econ\u00f3mico super\u00f3 el 50% por primera vez desde la postpandemia en 2021. Si bien en los \u00faltimos a\u00f1os se observa un empobrecimiento generalizado, los sectores medios-bajos son los que se vieron particularmente afectados.<\/p>\n<div class=\"fotos-y-videos\">\n<div class=\"tab-content\">\n<div id=\"fotos\" class=\"tab-pane fade in active\" role=\"tabpanel\"><a class=\"fotos-desarrollo unlink\" title=\"Estr\u00e9s econ\u00f3mico: el 50% de los argentinos percibe que no llega a fin de mes \" href=\"https:\/\/www.radiosudamericana.com\/notix\/multimedia\/imagenes\/fotos\/2025-06-26\/650596.jpg\"><img loading=\"lazy\" decoding=\"async\" class=\"img-responsive lazyload center-block\" src=\"https:\/\/www.radiosudamericana.com\/notix\/multimedia\/imagenes\/fotos\/2025-06-26\/650596.jpg_nota.jpg\" alt=\"Estr\u00e9s econ\u00f3mico: el 50% de los argentinos percibe que no llega a fin de mes \" width=\"700\" height=\"364\" \/><\/a><\/div>\n<\/div>\n<\/div>\n<p>&nbsp;<\/p>\n<div class=\"cuerpo\">\n<p>Los\u00a0procesos de aceleraci\u00f3n inflacionaria,\u00a0ca\u00edda de ingresos\u00a0y el\u00a0posterior deterioro de los haberes en los hogares\u00a0generan lo que se denomina\u00a0<strong>estr\u00e9s econ\u00f3mico,<\/strong>\u00a0que seg\u00fan la medici\u00f3n del\u00a0<strong>Observatorio de la Deuda Social Argentina de la UCA<\/strong>\u00a0lleg\u00f3 al\u00a0<strong>50%\u00a0en 2024<\/strong>, mientras que l<strong>a\u00a0pobreza se ubic\u00f3 en el 38,1%<\/strong>\u00a0y\u00a0la indigencia en el\u00a08,2%,\u00a0seg\u00fan la \u00faltima medici\u00f3n del\u00a0<strong>INDEC<\/strong>.<\/p>\n<p>El\u00a0<strong>estr\u00e9s econ\u00f3mico<\/strong>\u00a0super\u00f3 el\u00a0<strong>50%\u00a0<\/strong>por primera vez desde la postpandemia en 2021, seg\u00fan la serie hist\u00f3rica que presenta el\u00a0<strong>Observatorio de la Deuda Social Argentina de la UCA<\/strong>. El indicador logr\u00f3 perforar ese nivel clave del 50% en 2021, que alcanz\u00f3 por primera vez en 2016, en medio de la aceleraci\u00f3n de las tarifas y los precios, producto del &#8220;sinceramiento&#8221; del gobierno de\u00a0<strong>Mauricio Macri<\/strong>.<\/p>\n<p><a class=\"fotos-desarrollo unlink\" title=\"Estr\u00e9s econ\u00f3mico: el 50% de los argentinos percibe que no llega a fin de mes \" href=\"https:\/\/www.radiosudamericana.com\/notix\/multimedia\/imagenes\/fotos\/2025-06-26\/930058.jpg\"><img decoding=\"async\" class=\"img-responsive\" src=\"https:\/\/www.radiosudamericana.com\/notix\/multimedia\/imagenes\/fotos\/2025-06-26\/930058.jpg_nota.jpg\" \/><\/a><\/p>\n<p>Se trata de un indicador que\u00a0ampl\u00eda el<strong>\u00a0an\u00e1lisis de la pobreza multidimensional,<\/strong>\u00a0ya que mide la\u00a0percepci\u00f3n sobre la\u00a0<strong>capacidad de los ingresos totales del hogar<\/strong>\u00a0para cubrir consumos b\u00e1sicos mensuales, sostener patrones de consumo y capacidad de ahorro. El hogar manifiesta suficiencia o insuficiencia de ingresos, es decir, que no le alcanza para cubrir sus consumos b\u00e1sicos y habituales, as\u00ed como tambi\u00e9n declaran si tuvieron la posibilidad o no de ahorrar.<\/p>\n<p><strong>&#8220;El sentido com\u00fan del &#8216;no me alcanza&#8217; muestra un visi\u00f3n m\u00e1s realista de la pobreza por m\u00e1s que sea un factor subjetivo&#8221;, destac\u00f3 en la presentaci\u00f3n del informe\u00a0&#8220;Estr\u00e9s econ\u00f3mico: cambios y continuidades de la evoluci\u00f3n hist\u00f3rica (2010-2024) y el per\u00edodo reciente (2022-2024)&#8221;<\/strong>\u00a0el coordinador\u00a0Agust\u00edn Salvia.<\/p>\n<p>En esa l\u00ednea, el economista explic\u00f3 que en el estr\u00e9s econ\u00f3mico se observa que &#8220;hay un aumento sostenido de la tasa de la pobreza entre 2022 y 2024&#8221;. Por el contrario al dato oficial, &#8220;no observa un pico en 2023 y una baja muy pronunciada en 2024&#8221;.<\/p>\n<p>&nbsp;<\/p>\n<div id=\"leermas\">\n<div><b>Seguir Leyendo:<\/b><\/div>\n<div class=\"mitad\"><a class=\"leermas\" href=\"https:\/\/www.radiosudamericana.com\/nota\/economia\/328689-Corrientes--el-martes-24-de-junio-inicia-el-pago-de-sueldos-a-estatales.htm\" target=\"_blank\" rel=\"noopener\"><img decoding=\"async\" src=\"https:\/\/www.radiosudamericana.com\/multimedia\/imagenes\/fotos\/2025-06-23\/576504.png_crop.jpg_tb.jpg\" align=\"left\" \/>Corrientes: el martes 24 de junio inicia el pago de sueldos a estatales<\/a><\/div>\n<div class=\"mitad\"><a class=\"leermas\" href=\"https:\/\/www.radiosudamericana.com\/nota\/economia\/328691-En-Corrientes--Shell-y-Axion-aplicaron-subas--como-quedo-el-tablero.htm\" target=\"_blank\" rel=\"noopener\"><img decoding=\"async\" src=\"https:\/\/www.radiosudamericana.com\/multimedia\/imagenes\/fotos\/2025-06-23\/805323.jpg_crop.jpg_tb.jpg\" align=\"left\" \/>En Corrientes, Shell y Axion aplicaron subas: c\u00f3mo qued\u00f3 el tablero<\/a><\/div>\n<\/div>\n<p>&nbsp;<\/p>\n<h2><strong>Estr\u00e9s econ\u00f3mico seg\u00fan el nivel socioecon\u00f3mico<\/strong><\/h2>\n<p><strong>Si bien en los \u00faltimos a\u00f1os se observa un empobrecimiento generalizado, la coyuntura reciente (2022\u20132024) muestra que los sectores medios-bajos se vieron particularmente afectados<\/strong>, con una creciente proporci\u00f3n de hogares que ingresan a situaciones de estr\u00e9s econ\u00f3mico.<\/p>\n<p>El\u00a0nivel de\u00a0<strong>estr\u00e9s econ\u00f3mico\u00a0de acuerdo al nivel socioecon\u00f3mico alcanz\u00f3 el\u00a075,3%\u00a0en 2024<\/strong>\u00a0para los\u00a0sectores muy bajos, increment\u00e1ndose\u00a06,1 puntos porcentuales\u00a0(p.p.) frente al a\u00f1o previo, mientras que para los\u00a0bajos\u00a0se ubic\u00f3 en el\u00a061,5%,\u00a0aumentando\u00a08,4 p.p.<\/p>\n<p>En tanto, en los\u00a0niveles medio-bajo se observa un aumento un poco m\u00e1s medido (+2,9 p.p.) y se posicion\u00f3 en el 35,7%, siendo el valor m\u00e1s alto desde la postpandemia. El medio-alto se ubic\u00f3 en el 15,2%, con un aumento de 1,7 p.p. y tambi\u00e9n toc\u00f3 su nivel m\u00e1s alto desde 2020, coincidiendo con el indicador general del estr\u00e9s econ\u00f3mico.<\/p>\n<p><a class=\"fotos-desarrollo unlink\" title=\"Estr\u00e9s econ\u00f3mico: el 50% de los argentinos percibe que no llega a fin de mes \" href=\"https:\/\/www.radiosudamericana.com\/notix\/multimedia\/imagenes\/fotos\/2025-06-26\/256313.jpg\"><img decoding=\"async\" class=\"img-responsive\" src=\"https:\/\/www.radiosudamericana.com\/notix\/multimedia\/imagenes\/fotos\/2025-06-26\/256313.jpg_nota.jpg\" \/><\/a><\/p>\n<p>La medici\u00f3n del estr\u00e9s econ\u00f3mico de acuerdo a las carencias no monetarias, es decir acceso a la salud, la educaci\u00f3n, la vivienda, la alimentaci\u00f3n y la seguridad social, aumentan con mayor dureza entre aquellos que tienen menos carencias: para el decil que no pose\u00eda carencias el indicador subi\u00f3 de\u00a015,5%\u00a0a\u00a022,8%\u00a0entre 2023 y 2024 (+7,3 p.p.), mientras que para aquellos que ten\u00edan una o dos carencias subi\u00f3\u00a03,1\u00a0y\u00a04,2\u00a0p.p.,\u00a0respectivamente, y para aquellos que pose\u00edan tres carencias o m\u00e1s avanz\u00f3 solo 1,6 p.p.<\/p>\n<p>Adem\u00e1s, se observa\u00a0<strong>un\u00a0mayor estr\u00e9s econ\u00f3mico\u00a0en los hogares con ni\u00f1os frente a los sin ni\u00f1os,<\/strong>\u00a0demostrando tambi\u00e9n la significativa pobreza que existe entre la poblaci\u00f3n m\u00e1s peque\u00f1a. El indicador se ubica en el\u00a054,6%\u00a0en los hogares con ni\u00f1eces, mientras que se posiciona en el\u00a038%\u00a0en los que no hay presencia de hijos.<\/p>\n<p>La mejora de los indicadores tambi\u00e9n fue dispar:\u00a0el sector medio-bajo muestra un empeoramiento de su situaci\u00f3n entre los a\u00f1os 2022, 2023 y 2024 en torno al 25%, mientras que los sectores bajos muestran un 15,6%, los muy bajos un 17,5% y los altos un 15%.<\/p>\n<p>Por este motivo, desde el informe del Observatorio de la Deuda Social Argentina de la UCA alegan que &#8220;se observa un empobrecimiento generalizado&#8221;, con los sectores medios-bajos particularmente afectados y un &#8220;empobrecimiento de sectores tradicionalmente estables&#8221;.<\/p>\n<p>En ese sentido, Salvia resalt\u00f3 que tanto las\u00a0carencias en salud, que incluyen la seguridad alimentaria como el acceso a medicamentos; as\u00ed como tambi\u00e9n la\u00a0laboral\u00a0inciden fuertemente en el estr\u00e9s social. En los \u00faltimos meses el\u00a0PAMI dej\u00f3 de cubrir todos los medicamentos\u00a0a los que acceden los adultos mayores y tambi\u00e9n se observ\u00f3 en 2024 una\u00a0ca\u00edda en el consumo de medicamentos recetados.<\/p>\n<p>&#8220;La experiencia de estr\u00e9s econ\u00f3mico se constituye como una herramienta \u00fatil para identificar situaciones de vulnerabilidad que permanecen ocultas si se usa como \u00fanico criterio el objetivo e indirecto. Hogares no identificados como pobres pero que manifiestan experimentar privaciones cotidianas o deterioro en su calidad de vida&#8221;, resume el informe.<\/p>\n<p>Radio Sudamericana<\/p>\n<\/div>\n<\/div>\n","protected":false},"excerpt":{"rendered":"<p>El estr\u00e9s econ\u00f3mico super\u00f3 el 50% por primera vez desde la postpandemia en 2021. Si bien en los \u00faltimos a\u00f1os se observa un empobrecimiento generalizado, los sectores medios-bajos son los que se vieron particularmente afectados. &nbsp; Los\u00a0procesos de aceleraci\u00f3n inflacionaria,\u00a0ca\u00edda de ingresos\u00a0y el\u00a0posterior deterioro de los haberes en los hogares\u00a0generan lo que se denomina\u00a0estr\u00e9s econ\u00f3mico,\u00a0que [&hellip;]<\/p>\n","protected":false},"author":3,"featured_media":63753,"comment_status":"open","ping_status":"open","sticky":false,"template":"","format":"standard","meta":{"footnotes":""},"categories":[7],"tags":[],"class_list":["post-63752","post","type-post","status-publish","format-standard","has-post-thumbnail","hentry","category-nacionales"],"_links":{"self":[{"href":"https:\/\/informateesquina.com\/index.php?rest_route=\/wp\/v2\/posts\/63752","targetHints":{"allow":["GET"]}}],"collection":[{"href":"https:\/\/informateesquina.com\/index.php?rest_route=\/wp\/v2\/posts"}],"about":[{"href":"https:\/\/informateesquina.com\/index.php?rest_route=\/wp\/v2\/types\/post"}],"author":[{"embeddable":true,"href":"https:\/\/informateesquina.com\/index.php?rest_route=\/wp\/v2\/users\/3"}],"replies":[{"embeddable":true,"href":"https:\/\/informateesquina.com\/index.php?rest_route=%2Fwp%2Fv2%2Fcomments&post=63752"}],"version-history":[{"count":1,"href":"https:\/\/informateesquina.com\/index.php?rest_route=\/wp\/v2\/posts\/63752\/revisions"}],"predecessor-version":[{"id":63754,"href":"https:\/\/informateesquina.com\/index.php?rest_route=\/wp\/v2\/posts\/63752\/revisions\/63754"}],"wp:featuredmedia":[{"embeddable":true,"href":"https:\/\/informateesquina.com\/index.php?rest_route=\/wp\/v2\/media\/63753"}],"wp:attachment":[{"href":"https:\/\/informateesquina.com\/index.php?rest_route=%2Fwp%2Fv2%2Fmedia&parent=63752"}],"wp:term":[{"taxonomy":"category","embeddable":true,"href":"https:\/\/informateesquina.com\/index.php?rest_route=%2Fwp%2Fv2%2Fcategories&post=63752"},{"taxonomy":"post_tag","embeddable":true,"href":"https:\/\/informateesquina.com\/index.php?rest_route=%2Fwp%2Fv2%2Ftags&post=63752"}],"curies":[{"name":"wp","href":"https:\/\/api.w.org\/{rel}","templated":true}]}}