{"id":63756,"date":"2025-06-26T14:00:46","date_gmt":"2025-06-26T17:00:46","guid":{"rendered":"https:\/\/informateesquina.com\/?p=63756"},"modified":"2025-06-26T14:00:46","modified_gmt":"2025-06-26T17:00:46","slug":"prefectura-peritara-cuatro-celulares-secuestrados-en-la-causa-cheme","status":"publish","type":"post","link":"https:\/\/informateesquina.com\/?p=63756","title":{"rendered":"Prefectura peritar\u00e1 cuatro celulares secuestrados en la Causa Cheme"},"content":{"rendered":"<div>\n<p class=\"copete\">Es en el marco de la causa que investiga al empresario Federico Cheme por presunta tenencia de estupefacientes con fines de comercializaci\u00f3n. En las \u00faltimas horas, se confirm\u00f3 que ser\u00e1n peritados cuatro tel\u00e9fonos celulares secuestrados durante el operativo.<\/p>\n<div>\n<div class=\"fotos-y-videos\">\n<div class=\"tab-content\">\n<div id=\"fotos\" class=\"tab-pane fade in active\" role=\"tabpanel\"><a class=\"fotos-desarrollo unlink\" title=\"Prefectura peritar\u00e1 cuatro celulares secuestrados en la Causa Cheme\" href=\"https:\/\/www.radiosudamericana.com\/notix\/multimedia\/imagenes\/fotos\/2025-06-26\/116010.jpeg\"><img loading=\"lazy\" decoding=\"async\" class=\"img-responsive lazyload center-block\" src=\"https:\/\/www.radiosudamericana.com\/notix\/multimedia\/imagenes\/fotos\/2025-06-26\/116010.jpeg_nota.jpeg\" alt=\"Prefectura peritar\u00e1 cuatro celulares secuestrados en la Causa Cheme\" width=\"700\" height=\"725\" \/><\/a><\/div>\n<\/div>\n<\/div>\n<div class=\"cuerpo\">\n<p>Fuentes vinculadas a la investigaci\u00f3n informaron a Radio Sudamericana que la\u00a0<strong>Prefectura Naval Argentina estar\u00e1 a cargo del an\u00e1lisis de los tel\u00e9fonos celulares.<\/strong><\/p>\n<p>Se espera que los peritajes puedan aportar informaci\u00f3n sobre las comunicaciones mantenidas antes, durante y despu\u00e9s del procedimiento en el que resultaron detenidos Federico Cheme, Oscar Osvaldo Wirs y otras dos personas m\u00e1s.<\/p>\n<div id=\"leermas\"><\/div>\n<p>&nbsp;<\/p>\n<p>El material fue incautado en el mismo operativo donde fueron aprehendidos por personal de la Direcci\u00f3n de Drogas Peligrosas.<\/p>\n<p>La Justicia busca determinar si los tel\u00e9fonos contienen elementos que vinculen a los detenidos con una red de comercializaci\u00f3n de estupefacientes.<\/p>\n<p>Radio Sudamericana<\/p>\n<\/div>\n<\/div>\n<\/div>\n","protected":false},"excerpt":{"rendered":"<p>Es en el marco de la causa que investiga al empresario Federico Cheme por presunta tenencia de estupefacientes con fines de comercializaci\u00f3n. En las \u00faltimas horas, se confirm\u00f3 que ser\u00e1n peritados cuatro tel\u00e9fonos celulares secuestrados durante el operativo. Fuentes vinculadas a la investigaci\u00f3n informaron a Radio Sudamericana que la\u00a0Prefectura Naval Argentina estar\u00e1 a cargo del [&hellip;]<\/p>\n","protected":false},"author":3,"featured_media":63757,"comment_status":"open","ping_status":"open","sticky":false,"template":"","format":"standard","meta":{"footnotes":""},"categories":[8],"tags":[],"class_list":["post-63756","post","type-post","status-publish","format-standard","has-post-thumbnail","hentry","category-policiales"],"_links":{"self":[{"href":"https:\/\/informateesquina.com\/index.php?rest_route=\/wp\/v2\/posts\/63756","targetHints":{"allow":["GET"]}}],"collection":[{"href":"https:\/\/informateesquina.com\/index.php?rest_route=\/wp\/v2\/posts"}],"about":[{"href":"https:\/\/informateesquina.com\/index.php?rest_route=\/wp\/v2\/types\/post"}],"author":[{"embeddable":true,"href":"https:\/\/informateesquina.com\/index.php?rest_route=\/wp\/v2\/users\/3"}],"replies":[{"embeddable":true,"href":"https:\/\/informateesquina.com\/index.php?rest_route=%2Fwp%2Fv2%2Fcomments&post=63756"}],"version-history":[{"count":1,"href":"https:\/\/informateesquina.com\/index.php?rest_route=\/wp\/v2\/posts\/63756\/revisions"}],"predecessor-version":[{"id":63758,"href":"https:\/\/informateesquina.com\/index.php?rest_route=\/wp\/v2\/posts\/63756\/revisions\/63758"}],"wp:featuredmedia":[{"embeddable":true,"href":"https:\/\/informateesquina.com\/index.php?rest_route=\/wp\/v2\/media\/63757"}],"wp:attachment":[{"href":"https:\/\/informateesquina.com\/index.php?rest_route=%2Fwp%2Fv2%2Fmedia&parent=63756"}],"wp:term":[{"taxonomy":"category","embeddable":true,"href":"https:\/\/informateesquina.com\/index.php?rest_route=%2Fwp%2Fv2%2Fcategories&post=63756"},{"taxonomy":"post_tag","embeddable":true,"href":"https:\/\/informateesquina.com\/index.php?rest_route=%2Fwp%2Fv2%2Ftags&post=63756"}],"curies":[{"name":"wp","href":"https:\/\/api.w.org\/{rel}","templated":true}]}}