{"id":65297,"date":"2025-10-09T19:13:21","date_gmt":"2025-10-09T22:13:21","guid":{"rendered":"https:\/\/informateesquina.com\/?p=65297"},"modified":"2025-10-09T19:33:25","modified_gmt":"2025-10-09T22:33:25","slug":"no-eras-quien-decias-ser-los-enigmaticos-posteos-de-daiana-mendieta-en-su-otra-cuenta-de-instagram","status":"publish","type":"post","link":"https:\/\/informateesquina.com\/?p=65297","title":{"rendered":"\u201cNo eras quien dec\u00edas ser\u201d: los enigm\u00e1ticos posteos de Daiana Mendieta en su otra cuenta de Instagram"},"content":{"rendered":"<div class=\"sc-808a5b4d-0 fiDTki normal-header false normal-header false\">\n<div class=\"sc-808a5b4d-0 fiDTki shared-header shared-header\">\n<div class=\"mt \">\n<ul>\n<li>La chica asesinada en Gobernador Mansilla ten\u00eda un segundo perfil en esa red social donde publicaba escritos.<\/li>\n<li>En los textos, sol\u00eda hablarle a otra persona con la que manten\u00eda una relaci\u00f3n sentimental marcada por constantes idas y vueltas.<\/li>\n<\/ul>\n<\/div>\n<div class=\"image-container \"><picture><source srcset=\"https:\/\/www.clarin.com\/img\/2025\/10\/08\/xMTrjuKG__1256x620__2.jpg#1759964796722\" media=\"(min-width: 975px)\" \/><img loading=\"lazy\" decoding=\"async\" src=\"https:\/\/www.clarin.com\/img\/2025\/10\/08\/xMTrjuKG__1256x620__2.jpg#1759964796722\" alt=\"&quot;No eras quien dec\u00edas ser&quot;: los enigm\u00e1ticos posteos de Daiana Mendieta en su otra cuenta de Instagram \" width=\"1256\" height=\"620\" data-nimg=\"1\" \/><\/picture><button class=\"open-image\" aria-label=\"Open Image\"><\/button><span class=\"epigraphe\">Daiana Magal\u00ed Mendieta (22) asesinada en Gobernador Mansilla y Gustavo Brondino, principal sospechoso del crimen.<\/span><\/div>\n<\/div>\n<\/div>\n<section class=\"sc-46e3ecc3-1 fMFjWA\">\n<article id=\"storyBody\" class=\"sc-46e3ecc3-2 cfXsMv\">\n<section class=\"sc-46e3ecc3-3 eNZxqX dataStory dataStory\">\n<div class=\"list-authors has-border-top\">\n<div class=\"sc-4e7e5c5d-0 hgTTFo list-authors has-border-top speakable-author\"><\/div>\n<\/div>\n<\/section>\n<div class=\"date\"><\/div>\n<div class=\"StoryTextContainer vsmcontent\" data-mrf-recirculation=\"Article Body\">\n<div id=\"containerUalter\" class=\"trinity-skip-it\"><\/div>\n<div id=\"cuerpo\">\n<div id=\"element-body-0\" class=\"sc-45461e9c-0 eqiBeF container-text text-embed \">\n<p>El cartel blanco con letras rojas que dice \u201cGdor. Mansilla\u201d aparece despu\u00e9s de varios kil\u00f3metros de campo abierto, donde el verde parece no terminar nunca. Desde el auto, los \u00e1rboles altos y alineados anuncian que el pueblo est\u00e1 cerca. Es un lugar de calles prolijas, casas pintadas y persianas bajas a la hora de la siesta. Todo parece quieto, suspendido en una rutina sin sobresaltos. Pero desde que encontraron el cuerpo de\u00a0Daiana Mendieta, el silencio se volvi\u00f3 otro.<\/p>\n<\/div>\n<div id=\"element-body-1\" class=\"sc-45461e9c-0 eqiBeF container-text text-embed \">\n<p>La joven de 22 a\u00f1os apareci\u00f3\u00a0<strong>asesinada dentro de un aljibe<\/strong>, tapado con ramas, a metros de la ruta 12. La buscaban hac\u00eda cuatro d\u00edas. Era imposible no conocerla: en Mansilla todos se cruzaban con ella, todos sab\u00edan de su sonrisa, de su amor por la escritura. \u201cLa gurisa simp\u00e1tica\u201d, le dicen. En los negocios ahora cuelgan hojas A4 con su foto y una frase que se repite:\u00a0<em>Justicia por Daiana<\/em>.<\/p>\n<\/div>\n<div id=\"element-body-2\" class=\"sc-45461e9c-0 eqiBeF container-text text-embed \">\n<h2>\u201cCada vez que veo una luna llena pienso en nosotros\u201d<\/h2>\n<\/div>\n<div id=\"element-body-3\" class=\"sc-45461e9c-0 eqiBeF container-text text-embed \">\n<p>En su cuenta secundaria de Instagram, @escritosdmm, Daiana dejaba entrever mucho m\u00e1s que una pasi\u00f3n por escribir y un fanatismo por la astrolog\u00eda. Su cuenta era privada, pero\u00a0<strong>Clar\u00edn\u00a0<\/strong>pudo tener acceso a algunas capturas. \u201cDicen que como est\u00e1 la luna en el momento en que te vas a ver con alguien define cada faceta de c\u00f3mo se expande esa aventura\u201d, escribi\u00f3 en junio. En ese texto, que parece un poema y una confesi\u00f3n al mismo tiempo, hablaba de una relaci\u00f3n marcada por las fases lunares, por la distancia y los reencuentros.<\/p>\n<\/div>\n<div class=\"sc-737fb80f-7 kWynJk bannerCollapse\"><\/div>\n<div id=\"element-body-4\" class=\"sc-45461e9c-0 eqiBeF container-text text-embed \">\n<p>\u201cSupongo que el hecho de que la luna llena cierre ciclos habla por s\u00ed solo. Tal vez eso quer\u00eda decir m\u00e1s que todo lo que nos dec\u00edamos en cada despedida.\u00a0<strong>Si no era un insulto, era un reclamo,<\/strong>\u00a0y si no, el orgullo de cada uno, pero siempre algo se terminaba, se romp\u00eda\u201d, escribi\u00f3. Y m\u00e1s adelante agreg\u00f3: \u201cY si me preguntan&#8230; \u00bfY cuando no hab\u00eda luna? Responder\u00eda que es exactamente cuando no hay nada ni nadie jodi\u00e9ndonos la vida. Ese momento donde nos encontramos desaparecidos, dos personas que se refugiaban entre s\u00ed\u201d.<\/p>\n<\/div>\n<div id=\"element-body-5\" class=\"sc-98b114a2-0 bkqiHH image-embed image-embed \"><picture class=\"sc-98b114a2-1 jRUlDm\"><source srcset=\"https:\/\/www.clarin.com\/img\/2025\/10\/08\/ISdmoFt7q_720x0__1.jpg\" media=\"(min-width: 975px)\" \/><img loading=\"lazy\" decoding=\"async\" src=\"https:\/\/www.clarin.com\/img\/2025\/10\/08\/ISdmoFt7q_720x0__1.jpg\" alt=\"Daiana Mendieta ten\u00eda una segunda cuenta de Instagram con posteos sobre una relaci\u00f3n.\" width=\"720\" height=\"480\" data-nimg=\"1\" \/><\/picture><span class=\"epigraphe\">Daiana Mendieta ten\u00eda una segunda cuenta de Instagram con posteos sobre una relaci\u00f3n.<\/span><\/div>\n<div id=\"element-body-6\" class=\"sc-45461e9c-0 eqiBeF container-text text-embed \">\n<p>En Mansilla, donde los d\u00edas se repiten entre el ruido de los tractores y el murmullo del campo, esas palabras resuenan con otra fuerza. \u201cElla frecuentaba con este hombre, \u00e9l estaba enloquecido por ella\u201d, dice una amiga a\u00a0<strong>Clarin<\/strong>. Se refiere a Norberto Gustavo Brondino, el productor rural de 55 a\u00f1os detenido por el crimen.<\/p>\n<\/div>\n<div id=\"element-body-7\" class=\"sc-45461e9c-0 eqiBeF container-text text-embed \">\n<p>\u201cEra una relaci\u00f3n t\u00f3xica, a escondidas.\u00a0<strong>\u00c9l ten\u00eda mujer y un hijo,<\/strong>\u00a0y ella estaba empezando a salir con un chico de su edad. Eso lo sac\u00f3 de quicio\u201d, manifestaron a\u00a0<strong>Clarin<\/strong>. .<\/p>\n<\/div>\n<div id=\"element-body-8\" class=\"sc-98b114a2-0 bkqiHH image-embed image-embed \"><picture class=\"sc-98b114a2-1 jRUlDm\"><source srcset=\"https:\/\/www.clarin.com\/img\/2025\/10\/08\/krbjFK1VZ_720x0__1.jpg\" media=\"(min-width: 975px)\" \/><img loading=\"lazy\" decoding=\"async\" src=\"https:\/\/www.clarin.com\/img\/2025\/10\/08\/krbjFK1VZ_720x0__1.jpg\" alt=\"&quot;Si no era un insulto, era un reclamo&quot;\" width=\"720\" height=\"480\" data-nimg=\"1\" \/><\/picture><span class=\"epigraphe\">&#8220;Si no era un insulto, era un reclamo&#8221;<\/span><\/div>\n<div id=\"element-body-9\" class=\"sc-98b114a2-0 bkqiHH image-embed image-embed \"><picture class=\"sc-98b114a2-1 jRUlDm\"><source srcset=\"https:\/\/www.clarin.com\/img\/2025\/10\/08\/dWwfgUG-R_720x0__1.jpg\" media=\"(min-width: 975px)\" \/><img loading=\"lazy\" decoding=\"async\" src=\"https:\/\/www.clarin.com\/img\/2025\/10\/08\/dWwfgUG-R_720x0__1.jpg\" alt=\"Los posteos de Daiana Mendieta en su instagram @escritosdmm\" width=\"720\" height=\"480\" data-nimg=\"1\" \/><\/picture><span class=\"epigraphe\">Los posteos de Daiana Mendieta en su instagram @escritosdmm<\/span><\/div>\n<div id=\"element-body-10\" class=\"sc-45461e9c-0 eqiBeF container-text text-embed \">\n<p>El hombre est\u00e1 con<strong>\u00a0prisi\u00f3n preventiva por 90 d\u00edas<\/strong>\u00a0por &#8220;desobediencia&#8221; y &#8220;resistencia a la autoridad&#8221; por resistirse a los tiros a un allanamiento en su casa, cuando la joven aun era buscada como desaparecida. Mientras tanto, lo investigan como el principal sospechoso del femicidio.<\/p>\n<\/div>\n<div id=\"element-body-11\" class=\"sc-45461e9c-0 eqiBeF container-text text-embed \">\n<p>En Gobernador Mansilla, el pueblo segu\u00eda conmocionado y el comentario era la presencia de los investigadores en el galp\u00f3n donde trabaja Brondino, que justamente da al fondo de la casa de los Mendieta. Ah\u00ed realizaban pericias y tomaban fotos.<\/p>\n<\/div>\n<div id=\"element-body-12\" class=\"sc-45461e9c-0 eqiBeF container-text text-embed \">\n<h2>\u201cNo eras quien dec\u00edas ser\u201d<\/h2>\n<\/div>\n<div id=\"element-body-13\" class=\"sc-45461e9c-0 eqiBeF container-text text-embed \">\n<p>En otro de sus escritos, Daiana pareci\u00f3 escribirle directamente a alguien. \u201cSiempre me dijiste que \u00e9ramos muy diferentes, y cu\u00e1nta raz\u00f3n ten\u00edas. A m\u00ed jam\u00e1s se me hubiera cruzado por la mente\u00a0<strong>usar el poder<\/strong>, a\u00fan sintiendo que esa persona dar\u00eda lo que fuera por m\u00ed. Jam\u00e1s hubiera querido lastimarte, ni siquiera dejar que me rogaras\u201d, public\u00f3.<\/p>\n<\/div>\n<div id=\"element-body-14\" class=\"sc-98b114a2-0 bkqiHH image-embed image-embed \"><picture class=\"sc-98b114a2-1 jRUlDm\"><source srcset=\"https:\/\/www.clarin.com\/img\/2025\/10\/07\/6poJA3xmZ_720x0__1.jpg\" media=\"(min-width: 975px)\" \/><img loading=\"lazy\" decoding=\"async\" src=\"https:\/\/www.clarin.com\/img\/2025\/10\/07\/6poJA3xmZ_720x0__1.jpg\" alt=\"Daiana Magal\u00ed Mendieta (22) fue asesinada en Gobernador Mansilla, Entre R\u00edos.\" width=\"720\" height=\"480\" data-nimg=\"1\" \/><\/picture><span class=\"epigraphe\">Daiana Magal\u00ed Mendieta (22) fue asesinada en Gobernador Mansilla, Entre R\u00edos.<\/span><\/div>\n<div id=\"element-body-15\" class=\"sc-45461e9c-0 eqiBeF container-text text-embed \">\n<p>El texto contin\u00faa como una carta \u00edntima, una radiograf\u00eda de una<strong>\u00a0relaci\u00f3n desigual<\/strong>: \u201cNo eras quien dec\u00edas ser, a\u00fan no s\u00e9 si de verdad me llegaste a querer o solo amabas mi forma de elegirte por encima de todos. Todo lo que dec\u00edas se volv\u00eda contradictorio cuando me ten\u00edas en frente, rodeados de cuatro paredes, donde no hab\u00eda nadie. En el momento en que tus brazos rodeaban mi cuerpo, ese momento donde dejaba de ser una chica independiente y t\u00fa mostrabas tu esencia de protecci\u00f3n\u201d.<\/p>\n<\/div>\n<div id=\"element-body-16\" class=\"sc-45461e9c-0 eqiBeF container-text text-embed \">\n<p>Los investigadores confirmaron que Brondino y Daiana hablaban por tel\u00e9fono antes de que ella desapareciera. Las c\u00e1maras registraron su camioneta cerca de la casa de la joven esa noche. En el pueblo, todav\u00eda cuesta asimilarlo.\u00a0<strong>\u201cEra un hombre tranquilo, de toda la vida. Muy carism\u00e1tico\u201d<\/strong>, repiten. Pero quienes conoc\u00edan a Daiana sab\u00edan que detr\u00e1s de esa calma hab\u00eda algo m\u00e1s.<\/p>\n<\/div>\n<div id=\"element-body-17\" class=\"sc-98b114a2-0 bkqiHH image-embed image-embed \"><picture class=\"sc-98b114a2-1 jRUlDm\"><source srcset=\"https:\/\/www.clarin.com\/img\/2025\/10\/08\/wP8O-pQSy_720x0__1.jpg\" media=\"(min-width: 975px)\" \/><img loading=\"lazy\" decoding=\"async\" src=\"https:\/\/www.clarin.com\/img\/2025\/10\/08\/wP8O-pQSy_720x0__1.jpg\" alt=\"&quot;Jam\u00e1s se me hubiera cruzado por la mente usar el poder&quot;\" width=\"720\" height=\"480\" data-nimg=\"1\" \/><\/picture><span class=\"epigraphe\">&#8220;Jam\u00e1s se me hubiera cruzado por la mente usar el poder&#8221;<\/span><\/div>\n<div id=\"element-body-18\" class=\"sc-45461e9c-0 eqiBeF container-text text-embed \">\n<p>\u201cEntre textos cargados de nostalgia, Daiana tambi\u00e9n escrib\u00eda sobre su identidad y sus sue\u00f1os. \u201cUn lugar, mi lugar. Donde puedo escribir, editar, expresar. Tengo cuatro libros hasta el momento\u2026 Escucho Adele cuando estoy triste, Justin Bieber cuando estoy en la nostalgia y Tini cuando necesito expresarme\u201d, escribi\u00f3 el 22 de junio.<\/p>\n<\/div>\n<div id=\"element-body-19\" class=\"sc-45461e9c-0 eqiBeF container-text text-embed \">\n<p>Sus palabras construyen el retrato de una chica sensible, luminosa y talentosa, que encontraba en la escritura su refugio. En su texto de septiembre, parec\u00eda buscar alivio: \u201cA veces solo necesitamos sentarnos a tomar unos mates con alguien que adore escucharnos, entendernos, protegernos. Necesitamos dejar que nos quieran bonito\u201d.<\/p>\n<\/div>\n<div id=\"element-body-20\" class=\"sc-45461e9c-0 eqiBeF container-text text-embed \">\n<p>En Gobernador Mansilla, donde los tractores y las ovejas son parte de la rutina de pueblo, y las puertas todav\u00eda se dejan abiertas, el caso de Daiana parti\u00f3 algo m\u00e1s que la rutina. En las charlas de almac\u00e9n, las vecinas repiten lo que muchas sab\u00edan: \u201cAc\u00e1 es com\u00fan que haya hombres grandes con chicas j\u00f3venes del campo. Es algo que muchos naturalizaron\u201d.<\/p>\n<\/div>\n<div id=\"element-body-21\" class=\"sc-98b114a2-0 bkqiHH image-embed image-embed \"><picture class=\"sc-98b114a2-1 jRUlDm\"><source srcset=\"https:\/\/www.clarin.com\/img\/2025\/10\/08\/-Bh55L-KU_720x0__1.jpg\" media=\"(min-width: 975px)\" \/><img loading=\"lazy\" decoding=\"async\" src=\"https:\/\/www.clarin.com\/img\/2025\/10\/08\/-Bh55L-KU_720x0__1.jpg\" alt=\"Marcha por Daiana en la ciudad de Paran\u00e1. Foto Marcelo Carroll \/ Enviado especial\" width=\"720\" height=\"480\" data-nimg=\"1\" \/><\/picture><span class=\"epigraphe\">Marcha por Daiana en la ciudad de Paran\u00e1. Foto Marcelo Carroll \/ Enviado especial<\/span><\/div>\n<div id=\"element-body-22\" class=\"sc-45461e9c-0 eqiBeF container-text text-embed \">\n<p>Las palabras de Daiana hoy circulan en los tel\u00e9fonos y en las marchas. Algunos leen sus textos como advertencias, otros como poemas de una joven enamorada. Pero todos coinciden en que en esas l\u00edneas hab\u00eda\u00a0<strong>algo premonitorio<\/strong>, una mezcla de belleza y presagio.<\/p>\n<\/div>\n<div id=\"element-body-23\" class=\"sc-45461e9c-0 eqiBeF container-text text-embed \">\n<p>\u201cCada vez que veo una luna llena pienso en nosotros y en cada pelea\u201d, escribi\u00f3 alguna vez.<\/p>\n<\/div>\n<div id=\"element-body-24\" class=\"sc-45461e9c-0 eqiBeF container-text text-embed \">\n<p><strong>Gobernador Mansilla. Enviada especial<\/strong><\/p>\n<\/div>\n<\/div>\n<\/div>\n<\/article>\n<\/section>\n","protected":false},"excerpt":{"rendered":"<p>La chica asesinada en Gobernador Mansilla ten\u00eda un segundo perfil en esa red social donde publicaba escritos. En los textos, sol\u00eda hablarle a otra persona con la que manten\u00eda una relaci\u00f3n sentimental marcada por constantes idas y vueltas. Daiana Magal\u00ed Mendieta (22) asesinada en Gobernador Mansilla y Gustavo Brondino, principal sospechoso del crimen. El cartel [&hellip;]<\/p>\n","protected":false},"author":3,"featured_media":65298,"comment_status":"open","ping_status":"open","sticky":false,"template":"","format":"standard","meta":{"footnotes":""},"categories":[8],"tags":[],"class_list":["post-65297","post","type-post","status-publish","format-standard","has-post-thumbnail","hentry","category-policiales"],"_links":{"self":[{"href":"https:\/\/informateesquina.com\/index.php?rest_route=\/wp\/v2\/posts\/65297","targetHints":{"allow":["GET"]}}],"collection":[{"href":"https:\/\/informateesquina.com\/index.php?rest_route=\/wp\/v2\/posts"}],"about":[{"href":"https:\/\/informateesquina.com\/index.php?rest_route=\/wp\/v2\/types\/post"}],"author":[{"embeddable":true,"href":"https:\/\/informateesquina.com\/index.php?rest_route=\/wp\/v2\/users\/3"}],"replies":[{"embeddable":true,"href":"https:\/\/informateesquina.com\/index.php?rest_route=%2Fwp%2Fv2%2Fcomments&post=65297"}],"version-history":[{"count":1,"href":"https:\/\/informateesquina.com\/index.php?rest_route=\/wp\/v2\/posts\/65297\/revisions"}],"predecessor-version":[{"id":65299,"href":"https:\/\/informateesquina.com\/index.php?rest_route=\/wp\/v2\/posts\/65297\/revisions\/65299"}],"wp:featuredmedia":[{"embeddable":true,"href":"https:\/\/informateesquina.com\/index.php?rest_route=\/wp\/v2\/media\/65298"}],"wp:attachment":[{"href":"https:\/\/informateesquina.com\/index.php?rest_route=%2Fwp%2Fv2%2Fmedia&parent=65297"}],"wp:term":[{"taxonomy":"category","embeddable":true,"href":"https:\/\/informateesquina.com\/index.php?rest_route=%2Fwp%2Fv2%2Fcategories&post=65297"},{"taxonomy":"post_tag","embeddable":true,"href":"https:\/\/informateesquina.com\/index.php?rest_route=%2Fwp%2Fv2%2Ftags&post=65297"}],"curies":[{"name":"wp","href":"https:\/\/api.w.org\/{rel}","templated":true}]}}