{"id":65348,"date":"2025-10-14T00:38:40","date_gmt":"2025-10-14T03:38:40","guid":{"rendered":"https:\/\/informateesquina.com\/?p=65348"},"modified":"2025-10-14T00:39:38","modified_gmt":"2025-10-14T03:39:38","slug":"doble-femicidio-en-cordoba-el-cuerpo-hallado-en-concordia-no-tiene-cabeza","status":"publish","type":"post","link":"https:\/\/informateesquina.com\/?p=65348","title":{"rendered":"Doble femicidio en C\u00f3rdoba: el cuerpo hallado en Concordia no tiene cabeza"},"content":{"rendered":"<header class=\"article-header-wrapper\">\n<div class=\"article-header\">\n<h2 class=\"article-subheadline text_align_left\"><span style=\"color: #333333; font-size: 15px;\">Las autoridades entrerrianas, entre ellos el ministro de Seguridad <\/span><b style=\"color: #333333; font-size: 15px;\">N\u00e9stor Roncaglia<\/b><span style=\"color: #333333; font-size: 15px;\">, viajaron este lunes<\/span><b style=\"color: #333333; font-size: 15px;\">\u00a0hacia la zona de Yerua<\/b><span style=\"color: #333333; font-size: 15px;\">, a unos 35 kil\u00f3metros al sudoeste del centro de<\/span><b style=\"color: #333333; font-size: 15px;\">\u00a0Concordia<\/b><span style=\"color: #333333; font-size: 15px;\">, ante el\u00a0<\/span><b style=\"color: #333333; font-size: 15px;\">hallazgo de un cuerpo desmembrado y sin cabeza\u00a0<\/b><span style=\"color: #333333; font-size: 15px;\">en un camino vecinal.<\/span><\/h2>\n<\/div>\n<\/header>\n<article class=\"article\">\n<div class=\"body-article \">\n<div class=\"news-module\" data-mrf-recirculation=\"IL_GBLs3HYWRq2RgU4Qz8MM1Q\" data-testid=\"text-html\" data-mrf-experience=\"IL_GBLs3HYWRq2RgU4Qz8MM1Q\">\n<div class=\"recommended-card__info\"><\/div>\n<\/div>\n<p class=\"paragraph\" data-mrf-recirculation=\"Links inline\">All\u00ed, Roncaglia admiti\u00f3 que podr\u00eda tratarse de\u00a0<b>Mart\u00edn Sebasti\u00e1n Palacio<\/b>,\u00a0el remisero de 49 a\u00f1os que hab\u00eda sido contratado por Pablo Laurta, el presunto femicida de\u00a0<b>Luna Giardina\u00a0<\/b>y su mam\u00e1,\u00a0<b>Mariel Zamudio<\/b>, para viajar de Concordia, Entre R\u00edos, a C\u00f3rdoba. Pero que desde el 7 de octubre nada se sabe de \u00e9l<\/p>\n<div class=\"inline ad-wrapper\">\n<div class=\"dfpAd ad-inline\"><\/div>\n<\/div>\n<p class=\"paragraph\" data-mrf-recirculation=\"Links inline\"><b>Claudio Gonz\u00e1lez<\/b>, jefe de la Polic\u00eda de Entre R\u00edos, explic\u00f3 en di\u00e1logo con\u00a0<i>C5N<\/i>\u00a0que la trazabilidad de un auto en el que iba Laurta\u00a0<b>hizo que focalizaran la b\u00fasqueda en la zona<\/b>\u00a0donde esta tarde trabajaron los peritos.<\/p>\n<div class=\"news-module\" data-mrf-recirculation=\"IL_m3kiGo-8SVS6m0U7OqrZLw\" data-testid=\"text-html\" data-mrf-experience=\"IL_m3kiGo-8SVS6m0U7OqrZLw\">\n<div class=\"recommended-card__info\"><\/div>\n<\/div>\n<p class=\"paragraph\" data-mrf-recirculation=\"Links inline\">\u201cEn esos rastrillajes se encuentra el cuerpo de una persona que\u00a0<b>carece de extremidades superiores y cabeza, en estado de descomposici\u00f3n<\/b>\u00a0y sin ropa&#8221;, amplio Gonz\u00e1lez y dijo que ahora viene un proceso que tiene que ver con el reconocimiento. En ese marco, este martes a las 9 habr\u00e1 una conferencia de prensa.<\/p>\n<div class=\"jwplayer-ctn\">\n<div>\n<div id=\"M3MS5IIZ4BBLRNCN5NLGHSFG6E-custom_embed5\" class=\"jwplayer jw-reset jw-state-idle jw-stretch-uniform jw-flag-aspect-mode jw-floating-dismissible jw-keep-thumbnail jw-breakpoint-5 jw-flag-user-inactive\" tabindex=\"0\" role=\"application\" aria-label=\"Video Player - N\u00e9stor Roncaglia y el hallazgo del cuerpo en Entre R\u00edos: &quot;Por el contexto, creemos en un alto porcentaje que puede tratarse de Mart\u00edn Palacio&quot; (C5N)\" aria-describedby=\"jw-M3MS5IIZ4BBLRNCN5NLGHSFG6E-custom_embed5-shortcuts-tooltip-explanation\" data-compass-listening=\"true\">\n<div class=\"jw-wrapper jw-reset\">\n<div class=\"jw-media jw-reset\"><img loading=\"lazy\" decoding=\"async\" class=\"alignnone size-medium wp-image-65350\" src=\"http:\/\/informateesquina.com\/wp-content\/uploads\/2025\/10\/uigiug-300x172.jpg\" alt=\"\" width=\"300\" height=\"172\" srcset=\"https:\/\/informateesquina.com\/wp-content\/uploads\/2025\/10\/uigiug-300x172.jpg 300w, https:\/\/informateesquina.com\/wp-content\/uploads\/2025\/10\/uigiug-768x440.jpg 768w, https:\/\/informateesquina.com\/wp-content\/uploads\/2025\/10\/uigiug-750x429.jpg 750w, https:\/\/informateesquina.com\/wp-content\/uploads\/2025\/10\/uigiug.jpg 1024w\" sizes=\"auto, (max-width: 300px) 100vw, 300px\" \/><\/div>\n<div class=\"jw-preview jw-reset\">\n<div class=\"jw-video-thumbnail-generated jw-video-thumbnail-container\"><\/div>\n<\/div>\n<div class=\"jw-controls jw-reset\">\n<div class=\"jw-display jw-reset\">\n<div class=\"jw-display-container jw-reset\">\n<div class=\"jw-display-controls jw-reset\">\n<div class=\"jw-display-icon-container jw-display-icon-display jw-reset\">\n<div class=\"jw-icon jw-icon-display jw-button-color jw-reset\" tabindex=\"0\" role=\"button\" aria-label=\"Reproducir\"><\/div>\n<\/div>\n<\/div>\n<\/div>\n<\/div>\n<\/div>\n<\/div>\n<\/div>\n<\/div>\n<p>N\u00e9stor Roncaglia y el hallazgo del cuerpo en Entre R\u00edos: &#8220;Por el contexto, creemos en un alto porcentaje que puede tratarse de Mart\u00edn Palacio&#8221; (C5N)<\/p>\n<\/div>\n<div class=\"inline_2_DSK ad-wrapper ad-desktop\">\n<div class=\"dfpAd ad-inline\"><\/div>\n<\/div>\n<p class=\"paragraph\" data-mrf-recirculation=\"Links inline\">El ministro Roncaglia agreg\u00f3 ante ese canal de noticias: \u201cPor el contexto,<b>\u00a0creemos en un alto porcentaje que puede tratarse de Mart\u00edn Palacio<\/b>, a pesar de que le faltan la cabeza y las extremidades\u201d.<\/p>\n<div class=\"news-module\" data-mrf-recirculation=\"IL_wLyG9sjfRQKb8QO3fSLumw\" data-testid=\"text-html\" data-mrf-experience=\"IL_wLyG9sjfRQKb8QO3fSLumw\">\n<div class=\"recommended-card__info\"><\/div>\n<\/div>\n<p class=\"paragraph\" data-mrf-recirculation=\"Links inline\">Luego, detall\u00f3 que la \u00faltima vez que se observa al ahora detenido por los femicidios de Luna y Mariel fue en una estaci\u00f3n de servicio donde carg\u00f3 combustible y se lo ve que iba solo: \u201c<b>O sea que Mart\u00edn ya no estaba con \u00e9l<\/b>\u201d.<\/p>\n<p class=\"paragraph\" data-mrf-recirculation=\"Links inline\">Roncaglia precis\u00f3 que<b>\u00a0el hallazgo se dio porque un polic\u00eda percibi\u00f3 el fuerte olor de la putrefacci\u00f3n de los restos<\/b>, que estaban en una bolsa. Y que Laurta, en base a informaci\u00f3n de la Polic\u00eda de Uruguay, ten\u00eda su auto en una caba\u00f1a alquilada en ese pa\u00eds: \u201cEvidentemente,\u00a0<b>fue un plan criminal, lo planific\u00f3 todo<\/b>\u201d.<\/p>\n<div class=\"visual__image\"><picture><source srcset=\"https:\/\/www.infobae.com\/resizer\/v2\/LWMOMBJEUNEMTFMFWDUKPFTW2A.jpg?auth=b3e10b96ef394038fa941e45c8c67a8be46ea83f29b133019f1a8c5780d65a91&amp;smart=true&amp;width=992&amp;height=541&amp;quality=85\" media=\"(min-width: 1000px)\" \/><source srcset=\"https:\/\/www.infobae.com\/resizer\/v2\/LWMOMBJEUNEMTFMFWDUKPFTW2A.jpg?auth=b3e10b96ef394038fa941e45c8c67a8be46ea83f29b133019f1a8c5780d65a91&amp;smart=true&amp;width=768&amp;height=419&amp;quality=85\" media=\"(min-width: 768px)\" \/><source srcset=\"https:\/\/www.infobae.com\/resizer\/v2\/LWMOMBJEUNEMTFMFWDUKPFTW2A.jpg?auth=b3e10b96ef394038fa941e45c8c67a8be46ea83f29b133019f1a8c5780d65a91&amp;smart=true&amp;width=577&amp;height=315&amp;quality=85\" media=\"(min-width: 580px)\" \/><source srcset=\"https:\/\/www.infobae.com\/resizer\/v2\/LWMOMBJEUNEMTFMFWDUKPFTW2A.jpg?auth=b3e10b96ef394038fa941e45c8c67a8be46ea83f29b133019f1a8c5780d65a91&amp;smart=true&amp;width=420&amp;height=229&amp;quality=85\" media=\"(min-width: 350px)\" \/><source srcset=\"https:\/\/www.infobae.com\/resizer\/v2\/LWMOMBJEUNEMTFMFWDUKPFTW2A.jpg?auth=b3e10b96ef394038fa941e45c8c67a8be46ea83f29b133019f1a8c5780d65a91&amp;smart=true&amp;width=350&amp;height=191&amp;quality=85\" media=\"(min-width: 80px)\" \/><img loading=\"lazy\" decoding=\"async\" class=\"global-image\" src=\"https:\/\/www.infobae.com\/resizer\/v2\/LWMOMBJEUNEMTFMFWDUKPFTW2A.jpg?auth=b3e10b96ef394038fa941e45c8c67a8be46ea83f29b133019f1a8c5780d65a91&amp;smart=true&amp;width=350&amp;height=191&amp;quality=85\" alt=\"El auto de Palacio fue\" width=\"1980\" height=\"1080\" \/><\/picture>El auto de Palacio fue encontrado prendido fuego en la ciudad de C\u00f3rdoba<\/div>\n<p class=\"paragraph\" data-mrf-recirculation=\"Links inline\">Y describi\u00f3 que Laurta cruz\u00f3 el r\u00edo Uruguay en una piragua, la escondi\u00f3 cerca de Puerto Yerua, que est\u00e1 secuestrada: \u201c<b>Su derrotero iba a ser Gualeguaych\u00fa, Puerto Yerua y cruzar nuevamente a Uruguay<\/b>\u201d, acot\u00f3.<\/p>\n<p class=\"paragraph\" data-mrf-recirculation=\"Links inline\">Van a continuar los rastrillajes en la zona para dar con la cabeza y las extremidades superiores.<\/p>\n<p class=\"paragraph\" data-mrf-recirculation=\"Links inline\">En ese sentido, este lunes la Polic\u00eda entrerriana confirm\u00f3\u00a0<b>el hallazgo de la billetera del conductor<\/b>\u00a0del Toyota Corolla blanco, en la habitaci\u00f3n del hotel\u00a0<i>Berl\u00edn\u00a0<\/i>de Gualeguaych\u00fa, donde se aloj\u00f3 el uruguayo con su hijo, luego de escapar de la escena del doble femicidio.<\/p>\n<div class=\"visual__image\"><picture><source srcset=\"https:\/\/www.infobae.com\/resizer\/v2\/MS673KEC3ZAV7GZOB6T46C2Z4E.jpeg?auth=7795a5f3ab4dcded2bdfaac7011c78cd41159c2cd5062acfa82f158b15f18e99&amp;smart=true&amp;width=992&amp;height=1323&amp;quality=85\" media=\"(min-width: 1000px)\" \/><source srcset=\"https:\/\/www.infobae.com\/resizer\/v2\/MS673KEC3ZAV7GZOB6T46C2Z4E.jpeg?auth=7795a5f3ab4dcded2bdfaac7011c78cd41159c2cd5062acfa82f158b15f18e99&amp;smart=true&amp;width=768&amp;height=1024&amp;quality=85\" media=\"(min-width: 768px)\" \/><source srcset=\"https:\/\/www.infobae.com\/resizer\/v2\/MS673KEC3ZAV7GZOB6T46C2Z4E.jpeg?auth=7795a5f3ab4dcded2bdfaac7011c78cd41159c2cd5062acfa82f158b15f18e99&amp;smart=true&amp;width=577&amp;height=769&amp;quality=85\" media=\"(min-width: 580px)\" \/><source srcset=\"https:\/\/www.infobae.com\/resizer\/v2\/MS673KEC3ZAV7GZOB6T46C2Z4E.jpeg?auth=7795a5f3ab4dcded2bdfaac7011c78cd41159c2cd5062acfa82f158b15f18e99&amp;smart=true&amp;width=420&amp;height=560&amp;quality=85\" media=\"(min-width: 350px)\" \/><source srcset=\"https:\/\/www.infobae.com\/resizer\/v2\/MS673KEC3ZAV7GZOB6T46C2Z4E.jpeg?auth=7795a5f3ab4dcded2bdfaac7011c78cd41159c2cd5062acfa82f158b15f18e99&amp;smart=true&amp;width=350&amp;height=467&amp;quality=85\" media=\"(min-width: 80px)\" \/><img loading=\"lazy\" decoding=\"async\" class=\"global-image\" src=\"https:\/\/www.infobae.com\/resizer\/v2\/MS673KEC3ZAV7GZOB6T46C2Z4E.jpeg?auth=7795a5f3ab4dcded2bdfaac7011c78cd41159c2cd5062acfa82f158b15f18e99&amp;smart=true&amp;width=350&amp;height=467&amp;quality=85\" alt=\"Una imagen de la zona\" width=\"960\" height=\"1280\" \/><\/picture>Una imagen de la zona donde apareci\u00f3 un cuerpo<\/div>\n<p class=\"paragraph\" data-mrf-recirculation=\"Links inline\">Este lunes se realizaron las pericias en la habitaci\u00f3n del hotel donde fue apresado Laurta. Personal de Polic\u00eda Cient\u00edfica trabaj\u00f3 en el levantamiento de huellas, an\u00e1lisis de rastros y dispositivos electr\u00f3nicos,<b>\u00a0adem\u00e1s del cuaderno hallado, que podr\u00eda aportar datos sobre el chofer<\/b>\u00a0desaparecido.<\/p>\n<p class=\"paragraph\" data-mrf-recirculation=\"Links inline\">Mientas tanto, ahora se dirimir\u00e1 la competencia de toda la causa, ya que el homicidio de Palacio, por el que ya fue acusado,\u00a0<b>es previo al doble femicidio de Luna y Mariel.<\/b><\/p>\n<p class=\"paragraph\" data-mrf-recirculation=\"Links inline\">\u201cHay una conexidad porque\u00a0<b>todo obedeci\u00f3 a un plan<\/b>. Es clarito el\u00a0<b>matar a alguien para ocultar otro delito o delito futuro<\/b>, porque era un derrotero hasta C\u00f3rdoba, en su plan criminal,\u00a0<b>siempre pensando en matar a las mujeres y extraer a su hijo<\/b>\u201c, cerr\u00f3 Roncaglia.<\/p>\n<div class=\"visual__image\"><picture><source srcset=\"https:\/\/www.infobae.com\/resizer\/v2\/KY4ZHVZ3FVFQXCCKGBLTU2QT64.webp?auth=22e16ba02b2958bbef8fc831f47e1590cf431f8582ae989bf8e753333f30da7d&amp;smart=true&amp;width=992&amp;height=1403&amp;quality=85\" media=\"(min-width: 1000px)\" \/><source srcset=\"https:\/\/www.infobae.com\/resizer\/v2\/KY4ZHVZ3FVFQXCCKGBLTU2QT64.webp?auth=22e16ba02b2958bbef8fc831f47e1590cf431f8582ae989bf8e753333f30da7d&amp;smart=true&amp;width=768&amp;height=1086&amp;quality=85\" media=\"(min-width: 768px)\" \/><source srcset=\"https:\/\/www.infobae.com\/resizer\/v2\/KY4ZHVZ3FVFQXCCKGBLTU2QT64.webp?auth=22e16ba02b2958bbef8fc831f47e1590cf431f8582ae989bf8e753333f30da7d&amp;smart=true&amp;width=577&amp;height=816&amp;quality=85\" media=\"(min-width: 580px)\" \/><source srcset=\"https:\/\/www.infobae.com\/resizer\/v2\/KY4ZHVZ3FVFQXCCKGBLTU2QT64.webp?auth=22e16ba02b2958bbef8fc831f47e1590cf431f8582ae989bf8e753333f30da7d&amp;smart=true&amp;width=420&amp;height=594&amp;quality=85\" media=\"(min-width: 350px)\" \/><source srcset=\"https:\/\/www.infobae.com\/resizer\/v2\/KY4ZHVZ3FVFQXCCKGBLTU2QT64.webp?auth=22e16ba02b2958bbef8fc831f47e1590cf431f8582ae989bf8e753333f30da7d&amp;smart=true&amp;width=350&amp;height=495&amp;quality=85\" media=\"(min-width: 80px)\" \/><img loading=\"lazy\" decoding=\"async\" class=\"global-image\" src=\"https:\/\/www.infobae.com\/resizer\/v2\/KY4ZHVZ3FVFQXCCKGBLTU2QT64.webp?auth=22e16ba02b2958bbef8fc831f47e1590cf431f8582ae989bf8e753333f30da7d&amp;smart=true&amp;width=350&amp;height=495&amp;quality=85\" alt=\"La Comisar\u00eda de Mocoret\u00e1 lidera\" width=\"850\" height=\"1202\" \/><\/picture>La Comisar\u00eda de Mocoret\u00e1 lidera la investigaci\u00f3n por la desaparici\u00f3n del conductor<\/div>\n<p class=\"paragraph\" data-mrf-recirculation=\"Links inline\">Desde el 7 de octubre pasado, el paradero de Palacio era un misterio. Ese d\u00eda, se encontr\u00f3 en la terminal de \u00f3mnibus de Concordia con Laurta. El presidente de \u201c<b>Varones Unidos<\/b>\u201d lo salud\u00f3 como si ya lo conociera y guard\u00f3 un bolso en el ba\u00fal de su Toyota Corolla blanco. Ten\u00eda que llevarlo a Santa Fe,<b>\u00a0un viaje por el que el pasajero ofreci\u00f3 1 mill\u00f3n y medio de pesos.<\/b><\/p>\n<p class=\"paragraph\" data-mrf-recirculation=\"Links inline\">Fuentes del caso indicaron a\u00a0<b>Infobae<\/b>\u00a0que, luego de salir de la terminal, el Toyota Corolla se dirige hacia el sur y luego toma la ruta 22, con direcci\u00f3n a la localidad de Federal, hacia el oeste.<\/p>\n<p class=\"paragraph\" data-mrf-recirculation=\"Links inline\">Sin embargo, gira y regresa hacia la autov\u00eda ruta 14. A la altura de la localidad de Estancia Grande, sale de la ruta y se mete en un camino de ripio. Por caminos secundarios sigue hasta llegar a General Campos.<\/p>\n<div class=\"visual__image\"><picture><source srcset=\"https:\/\/www.infobae.com\/resizer\/v2\/ZCOVH6ZZLVGORIMQINPJC5EI2I.jpeg?auth=6b13d245c2e777443ded55b010ee998f56bb7e984abc6eb72daa3bef8188a4cf&amp;smart=true&amp;width=992&amp;height=499&amp;quality=85\" media=\"(min-width: 1000px)\" \/><source srcset=\"https:\/\/www.infobae.com\/resizer\/v2\/ZCOVH6ZZLVGORIMQINPJC5EI2I.jpeg?auth=6b13d245c2e777443ded55b010ee998f56bb7e984abc6eb72daa3bef8188a4cf&amp;smart=true&amp;width=768&amp;height=386&amp;quality=85\" media=\"(min-width: 768px)\" \/><source srcset=\"https:\/\/www.infobae.com\/resizer\/v2\/ZCOVH6ZZLVGORIMQINPJC5EI2I.jpeg?auth=6b13d245c2e777443ded55b010ee998f56bb7e984abc6eb72daa3bef8188a4cf&amp;smart=true&amp;width=577&amp;height=290&amp;quality=85\" media=\"(min-width: 580px)\" \/><source srcset=\"https:\/\/www.infobae.com\/resizer\/v2\/ZCOVH6ZZLVGORIMQINPJC5EI2I.jpeg?auth=6b13d245c2e777443ded55b010ee998f56bb7e984abc6eb72daa3bef8188a4cf&amp;smart=true&amp;width=420&amp;height=211&amp;quality=85\" media=\"(min-width: 350px)\" \/><source srcset=\"https:\/\/www.infobae.com\/resizer\/v2\/ZCOVH6ZZLVGORIMQINPJC5EI2I.jpeg?auth=6b13d245c2e777443ded55b010ee998f56bb7e984abc6eb72daa3bef8188a4cf&amp;smart=true&amp;width=350&amp;height=176&amp;quality=85\" media=\"(min-width: 80px)\" \/><img loading=\"lazy\" decoding=\"async\" class=\"global-image\" src=\"https:\/\/www.infobae.com\/resizer\/v2\/ZCOVH6ZZLVGORIMQINPJC5EI2I.jpeg?auth=6b13d245c2e777443ded55b010ee998f56bb7e984abc6eb72daa3bef8188a4cf&amp;smart=true&amp;width=350&amp;height=176&amp;quality=85\" alt=\"El reccorido del Toyota de\" width=\"1568\" height=\"788\" \/><\/picture>El reccorido del Toyota de Mart\u00edn Palacio<\/div>\n<div class=\"undefined ad-wrapper\">\n<div class=\"dfpAd \"><\/div>\n<\/div>\n<p class=\"paragraph\" data-mrf-recirculation=\"Links inline\">En ese punto, sale hacia la ruta 18 (que atraviesa Entre R\u00edos en forma perpendicular) y\u00a0<b>retoma el camino hacia el oeste, en sentido a C\u00f3rdoba<\/b>, donde el rastro se pierde.<\/p>\n<\/div>\n<\/article>\n","protected":false},"excerpt":{"rendered":"<p>Las autoridades entrerrianas, entre ellos el ministro de Seguridad N\u00e9stor Roncaglia, viajaron este lunes\u00a0hacia la zona de Yerua, a unos 35 kil\u00f3metros al sudoeste del centro de\u00a0Concordia, ante el\u00a0hallazgo de un cuerpo desmembrado y sin cabeza\u00a0en un camino vecinal. All\u00ed, Roncaglia admiti\u00f3 que podr\u00eda tratarse de\u00a0Mart\u00edn Sebasti\u00e1n Palacio,\u00a0el remisero de 49 a\u00f1os que hab\u00eda sido [&hellip;]<\/p>\n","protected":false},"author":3,"featured_media":65349,"comment_status":"open","ping_status":"open","sticky":false,"template":"","format":"standard","meta":{"footnotes":""},"categories":[7,8],"tags":[],"class_list":["post-65348","post","type-post","status-publish","format-standard","has-post-thumbnail","hentry","category-nacionales","category-policiales"],"_links":{"self":[{"href":"https:\/\/informateesquina.com\/index.php?rest_route=\/wp\/v2\/posts\/65348","targetHints":{"allow":["GET"]}}],"collection":[{"href":"https:\/\/informateesquina.com\/index.php?rest_route=\/wp\/v2\/posts"}],"about":[{"href":"https:\/\/informateesquina.com\/index.php?rest_route=\/wp\/v2\/types\/post"}],"author":[{"embeddable":true,"href":"https:\/\/informateesquina.com\/index.php?rest_route=\/wp\/v2\/users\/3"}],"replies":[{"embeddable":true,"href":"https:\/\/informateesquina.com\/index.php?rest_route=%2Fwp%2Fv2%2Fcomments&post=65348"}],"version-history":[{"count":2,"href":"https:\/\/informateesquina.com\/index.php?rest_route=\/wp\/v2\/posts\/65348\/revisions"}],"predecessor-version":[{"id":65352,"href":"https:\/\/informateesquina.com\/index.php?rest_route=\/wp\/v2\/posts\/65348\/revisions\/65352"}],"wp:featuredmedia":[{"embeddable":true,"href":"https:\/\/informateesquina.com\/index.php?rest_route=\/wp\/v2\/media\/65349"}],"wp:attachment":[{"href":"https:\/\/informateesquina.com\/index.php?rest_route=%2Fwp%2Fv2%2Fmedia&parent=65348"}],"wp:term":[{"taxonomy":"category","embeddable":true,"href":"https:\/\/informateesquina.com\/index.php?rest_route=%2Fwp%2Fv2%2Fcategories&post=65348"},{"taxonomy":"post_tag","embeddable":true,"href":"https:\/\/informateesquina.com\/index.php?rest_route=%2Fwp%2Fv2%2Ftags&post=65348"}],"curies":[{"name":"wp","href":"https:\/\/api.w.org\/{rel}","templated":true}]}}