{"id":65353,"date":"2025-10-14T09:53:23","date_gmt":"2025-10-14T12:53:23","guid":{"rendered":"https:\/\/informateesquina.com\/?p=65353"},"modified":"2025-10-14T09:53:23","modified_gmt":"2025-10-14T12:53:23","slug":"el-gobernador-valdes-encabezara-hoy-inauguraciones-en-capital-y-santa-ana","status":"publish","type":"post","link":"https:\/\/informateesquina.com\/?p=65353","title":{"rendered":"El gobernador Vald\u00e9s encabezar\u00e1 hoy inauguraciones en Capital y Santa Ana"},"content":{"rendered":"<div>\n<p>El gobernador Gustavo Vald\u00e9s este martes 14 en la ciudad de Corrientes Capital y en la localidad de Santa Ana, encabezar\u00e1 diversas inauguraciones de obras de infraestructura urbana y espacios p\u00fablicos.<\/p>\n<figure class=\"big-column\"><picture><img loading=\"lazy\" decoding=\"async\" class=\"pic\" src=\"https:\/\/www.radiodos.com.ar\/content\/bucket\/2\/273342w850h567c.jpg.webp\" alt=\"\" width=\"850\" height=\"567\" \/><\/picture><\/figure>\n<div class=\"main-text\">\n<div class=\"social\">\n<div class=\"share\"><\/div>\n<\/div>\n<p>A las 10, el Mandatario presidir\u00e1 la inauguraci\u00f3n de la puesta en valor de la Plaza &#8220;Mercosur&#8221;, ubicada en el barrio 17 de Agosto, frente a la Rotonda de la Virgen de Itat\u00ed, en la Capital.<\/p>\n<p>Posteriormente, se trasladar\u00e1 a Santa Ana, donde a las 11:30 dejar\u00e1 formalmente habilitadas 19 cuadras de asfalto en la intersecci\u00f3n de 12 de Octubre y General Paz.<\/p>\n<p>Finalmente, a las 12:30, Vald\u00e9s encabezar\u00e1 la inauguraci\u00f3n del Polideportivo Municipal, situado en el barrio Santa Luc\u00eda, 30 Viviendas, una obra que busca fortalecer la infraestructura deportiva y recreativa de la comunidad.<\/p>\n<div class=\"temas floatFix\">Radio Dos<\/div>\n<\/div>\n<\/div>\n","protected":false},"excerpt":{"rendered":"<p>El gobernador Gustavo Vald\u00e9s este martes 14 en la ciudad de Corrientes Capital y en la localidad de Santa Ana, encabezar\u00e1 diversas inauguraciones de obras de infraestructura urbana y espacios p\u00fablicos. A las 10, el Mandatario presidir\u00e1 la inauguraci\u00f3n de la puesta en valor de la Plaza &#8220;Mercosur&#8221;, ubicada en el barrio 17 de Agosto, [&hellip;]<\/p>\n","protected":false},"author":3,"featured_media":65354,"comment_status":"open","ping_status":"open","sticky":false,"template":"","format":"standard","meta":{"footnotes":""},"categories":[9],"tags":[],"class_list":["post-65353","post","type-post","status-publish","format-standard","has-post-thumbnail","hentry","category-politica"],"_links":{"self":[{"href":"https:\/\/informateesquina.com\/index.php?rest_route=\/wp\/v2\/posts\/65353","targetHints":{"allow":["GET"]}}],"collection":[{"href":"https:\/\/informateesquina.com\/index.php?rest_route=\/wp\/v2\/posts"}],"about":[{"href":"https:\/\/informateesquina.com\/index.php?rest_route=\/wp\/v2\/types\/post"}],"author":[{"embeddable":true,"href":"https:\/\/informateesquina.com\/index.php?rest_route=\/wp\/v2\/users\/3"}],"replies":[{"embeddable":true,"href":"https:\/\/informateesquina.com\/index.php?rest_route=%2Fwp%2Fv2%2Fcomments&post=65353"}],"version-history":[{"count":1,"href":"https:\/\/informateesquina.com\/index.php?rest_route=\/wp\/v2\/posts\/65353\/revisions"}],"predecessor-version":[{"id":65355,"href":"https:\/\/informateesquina.com\/index.php?rest_route=\/wp\/v2\/posts\/65353\/revisions\/65355"}],"wp:featuredmedia":[{"embeddable":true,"href":"https:\/\/informateesquina.com\/index.php?rest_route=\/wp\/v2\/media\/65354"}],"wp:attachment":[{"href":"https:\/\/informateesquina.com\/index.php?rest_route=%2Fwp%2Fv2%2Fmedia&parent=65353"}],"wp:term":[{"taxonomy":"category","embeddable":true,"href":"https:\/\/informateesquina.com\/index.php?rest_route=%2Fwp%2Fv2%2Fcategories&post=65353"},{"taxonomy":"post_tag","embeddable":true,"href":"https:\/\/informateesquina.com\/index.php?rest_route=%2Fwp%2Fv2%2Ftags&post=65353"}],"curies":[{"name":"wp","href":"https:\/\/api.w.org\/{rel}","templated":true}]}}