{"id":65356,"date":"2025-10-14T09:55:39","date_gmt":"2025-10-14T12:55:39","guid":{"rendered":"https:\/\/informateesquina.com\/?p=65356"},"modified":"2025-10-14T09:55:39","modified_gmt":"2025-10-14T12:55:39","slug":"muerte-de-camila-imputaron-por-femicidio-al-detenido-y-piden-su-prision-preventiva","status":"publish","type":"post","link":"https:\/\/informateesquina.com\/?p=65356","title":{"rendered":"Muerte de Camila: Imputaron por femicidio al detenido y piden su prisi\u00f3n preventiva"},"content":{"rendered":"<p>La Fiscal de Investigaciones N\u00b0 1, Lucrecia Troia, habl\u00f3 con Radio Dos sobre\u00a0 la muerte de Camila Soledad Gonz\u00e1lez, que perdi\u00f3 la vida al caer del sexto piso y\u00a0 adelant\u00f3 que el m\u00e9dico y ex pareja que estaba en el departamento al momento del hecho, fue imputado por homicidio en contexto de violencia de g\u00e9nero y que\u00a0 solicitar\u00e1 su\u00a0 prisi\u00f3n preventiva.<\/p>\n<div>\n<div class=\"social\">\n<div class=\"share\"><\/div>\n<\/div>\n<div class=\"center medium m_image\">\n<figure><picture><source srcset=\"https:\/\/www.radiodos.com.ar\/content\/bucket\/1\/273371w380h246c.webp.webp\" type=\"image\/webp\" media=\"(min-width: 640px)\" \/><source srcset=\"https:\/\/www.radiodos.com.ar\/content\/bucket\/1\/273371w440h285c.webp.webp\" type=\"image\/webp\" media=\"(min-width: 300px)\" \/><source srcset=\"https:\/\/www.radiodos.com.ar\/content\/bucket\/1\/273371w380h246c.webp\" media=\"(min-width: 300px)\" \/><img loading=\"lazy\" decoding=\"async\" class=\"pic\" src=\"https:\/\/www.radiodos.com.ar\/content\/bucket\/1\/273371w380h246c.webp.webp\" alt=\"\" width=\"380\" height=\"246\" \/><\/picture><\/figure>\n<\/div>\n<p>La doctora Lucrecia Troia, coment\u00f3: &#8220;el acto procesal \u00faltimo que realizamos fue la imputaci\u00f3n de la persona que est\u00e1 sospechada de este hecho, por homicidio agravado y por mediar violencia de g\u00e9nero&#8221;; y expres\u00f3: &#8220;en una primera instancia se pidi\u00f3 la detenci\u00f3n, y en el d\u00eda de hoy se cumplir\u00eda, solicitamos una nueva audiencia al juez para que le imponga la prisi\u00f3n preventiva&#8221;.<\/p>\n<p>Asimismo, la Fiscal de investigaciones, cont\u00f3: &#8220;se secuestraron tel\u00e9fonos, que necesitamos realizar las pericias, tambi\u00e9n se realiz\u00f3 las pericias en el lugar&#8221;; y afirm\u00f3: &#8220;el imputado declar\u00f3 en sede judicial&#8221;.<\/p>\n<p>A su vez, la doctora Troia, indic\u00f3: &#8220;una amiga vino a prestar declaraci\u00f3n, cont\u00f3 c\u00f3mo era la relaci\u00f3n entre la v\u00edctima y el imputado, dio un contexto en caso de que se pruebe el hecho de que exist\u00eda violencia de g\u00e9nero&#8221;; y mencion\u00f3: &#8220;la pareja de la v\u00edctima prest\u00f3 declaraci\u00f3n&#8221;.<\/p>\n<p>Al mismo tiempo, si se analiza realizar una C\u00e1mara Gesell al hijo de Camila, la v\u00edctima, la Fiscal de investigaciones, dijo: &#8220;s\u00ed, se est\u00e1 tramitando, pero no se quiere revictimizar al menor&#8221;. Si el menor habr\u00eda estado en el lugar del hecho, la doctora Troia, se\u00f1al\u00f3: &#8220;habr\u00eda estado, pero necesitamos escucharlo a \u00e9l&#8221;.<\/p>\n<div class=\"temas floatFix\">Radio Dos<\/div>\n<\/div>\n","protected":false},"excerpt":{"rendered":"<p>La Fiscal de Investigaciones N\u00b0 1, Lucrecia Troia, habl\u00f3 con Radio Dos sobre\u00a0 la muerte de Camila Soledad Gonz\u00e1lez, que perdi\u00f3 la vida al caer del sexto piso y\u00a0 adelant\u00f3 que el m\u00e9dico y ex pareja que estaba en el departamento al momento del hecho, fue imputado por homicidio en contexto de violencia de g\u00e9nero [&hellip;]<\/p>\n","protected":false},"author":3,"featured_media":65357,"comment_status":"open","ping_status":"open","sticky":false,"template":"","format":"standard","meta":{"footnotes":""},"categories":[8],"tags":[],"class_list":["post-65356","post","type-post","status-publish","format-standard","has-post-thumbnail","hentry","category-policiales"],"_links":{"self":[{"href":"https:\/\/informateesquina.com\/index.php?rest_route=\/wp\/v2\/posts\/65356","targetHints":{"allow":["GET"]}}],"collection":[{"href":"https:\/\/informateesquina.com\/index.php?rest_route=\/wp\/v2\/posts"}],"about":[{"href":"https:\/\/informateesquina.com\/index.php?rest_route=\/wp\/v2\/types\/post"}],"author":[{"embeddable":true,"href":"https:\/\/informateesquina.com\/index.php?rest_route=\/wp\/v2\/users\/3"}],"replies":[{"embeddable":true,"href":"https:\/\/informateesquina.com\/index.php?rest_route=%2Fwp%2Fv2%2Fcomments&post=65356"}],"version-history":[{"count":1,"href":"https:\/\/informateesquina.com\/index.php?rest_route=\/wp\/v2\/posts\/65356\/revisions"}],"predecessor-version":[{"id":65358,"href":"https:\/\/informateesquina.com\/index.php?rest_route=\/wp\/v2\/posts\/65356\/revisions\/65358"}],"wp:featuredmedia":[{"embeddable":true,"href":"https:\/\/informateesquina.com\/index.php?rest_route=\/wp\/v2\/media\/65357"}],"wp:attachment":[{"href":"https:\/\/informateesquina.com\/index.php?rest_route=%2Fwp%2Fv2%2Fmedia&parent=65356"}],"wp:term":[{"taxonomy":"category","embeddable":true,"href":"https:\/\/informateesquina.com\/index.php?rest_route=%2Fwp%2Fv2%2Fcategories&post=65356"},{"taxonomy":"post_tag","embeddable":true,"href":"https:\/\/informateesquina.com\/index.php?rest_route=%2Fwp%2Fv2%2Ftags&post=65356"}],"curies":[{"name":"wp","href":"https:\/\/api.w.org\/{rel}","templated":true}]}}