{"id":67830,"date":"2026-04-26T08:05:18","date_gmt":"2026-04-26T11:05:18","guid":{"rendered":"https:\/\/informateesquina.com\/?p=67830"},"modified":"2026-04-26T08:05:18","modified_gmt":"2026-04-26T11:05:18","slug":"el-abuelo-de-lucio-dupuy-viajo-a-chubut-para-acompanar-a-la-familia-de-angel-se-lo-que-estan-sufriendo","status":"publish","type":"post","link":"https:\/\/informateesquina.com\/?p=67830","title":{"rendered":"El abuelo de Lucio Dupuy viaj\u00f3 a Chubut para acompa\u00f1ar a la familia de \u00c1ngel: \u201cS\u00e9 lo que est\u00e1n sufriendo\u201d"},"content":{"rendered":"<div class=\"content-article-title\">\n<div class=\"wrapper-layout center-content center_story max-width\">\n<div class=\"col-content\"><\/div>\n<\/div>\n<\/div>\n<div class=\"common-layout wrapper-layout center-content center_story max-width story article\">\n<div class=\"col-content\"><main class=\"col-content\"><\/p>\n<div class=\"article__header article__story article__article\">\n<div class=\"article__head\">\n<div class=\"article__lead-art article__lead-art-photo\" data-testid=\"LeadArtPhoto\">\n<figure class=\"\" data-testid=\"figure-testid\">\n<div class=\"aspect_ratio__container\"><picture class=\"responsive-image\"><img decoding=\"async\" class=\"width_full height_full article__lead-art-photo image_placeholder\" src=\"https:\/\/tn.com.ar\/resizer\/v2\/ramon-dupuy-aseguro-que-el-caso-angel-es-un-calco-de-lo-que-le-ocurrio-a-su-nieto-foto-gentileza-comodoro-24-DB3TNHSM6VCTZJBEJNNV4QA22A.png?auth=aa677a08157ef59cf8cef49156150d6b0a6467f2c4ba2231bf3bd7559f9b18dd&amp;width=767\" alt=\"Ram\u00f3n Dupuy asegur\u00f3 que el caso \u00c1ngel es \u201cun calco\u201d de lo que le ocurri\u00f3 a su nieto. (Foto: gentileza Comodoro 24).\" \/><\/picture><\/div><figcaption class=\"caption_image\" data-testid=\"figcaption-testid\">\n<div class=\"image_caption font__body-regular\">Ram\u00f3n Dupuy asegur\u00f3 que el caso \u00c1ngel es \u201cun calco\u201d de lo que le ocurri\u00f3 a su nieto. (Foto: gentileza Comodoro 24).<\/div>\n<\/figcaption><\/figure>\n<\/div>\n<div class=\"horizontal-share__container\">\n<div class=\"article__audionote-share\">\n<div class=\"trinity__audio-wrapper\">\n<div class=\"trinity-container\">\n<div class=\"trinity-tts-icon-player-button-wrapper\">\n<div class=\"trinity-player-iframe-wrapper\" data-player-id=\"47728bccdb5a41bb54b323930ada9c79\" data-state=\"not_initialized\" data-player-type=\"icon-expandable\"><\/div>\n<div class=\"layout\" data-template-id=\"default\" data-player-id=\"47728bccdb5a41bb54b323930ada9c79\">\n<div class=\"play-button\"><\/div>\n<\/div>\n<\/div>\n<\/div>\n<\/div>\n<\/div>\n<\/div>\n<\/div>\n<\/div>\n<div class=\"default-article-color article__body article__article\">\n<p class=\"paragraph font__body-regular\"><b>El abuelo de\u00a0<\/b><b>Lucio Dupuy<\/b><b>\u00a0viaj\u00f3 a Comodoro Rivadavia para acompa\u00f1ar a la familia de \u00c1ngel L\u00f3pez<\/b>\u00a0en la batalla que tienen por delante para pedir justicia por la muerte.<\/p>\n<div id=\"ad-slot-infeed\" class=\"infeed-container\"><\/div>\n<p class=\"paragraph font__body-regular\">En ese sentido,\u00a0<b>Ram\u00f3n Dupuy<\/b>\u00a0consider\u00f3 que el caso \u201c<b>es un calco, una radiograf\u00eda de lo que pas\u00f3 con Lucio\u201d<\/b>\u00a0y en ese sentido, cuestion\u00f3 a los actores que deben intervenir ante situaciones de vulneraci\u00f3n de derechos de las infancias.<\/p>\n<p class=\"paragraph font__body-regular\">\u201c<b>La desidia de los organismos de ni\u00f1ez y de la Justicia a nivel nacional es muy grande<\/b>\u00a0y pasan estos casos\u201d, indic\u00f3 en di\u00e1logo con la prensa al cuestionar la defensor\u00eda de menores, los asistentes sociales, los psic\u00f3logos y los jueces.<\/p>\n<p class=\"paragraph font__body-regular\">\u201cCre\u00edmos que se hab\u00eda podido concientizar a la gente, pero el asesinato de Lucio y el gran trabajo que hemos hecho en familia no sirvi\u00f3 para nada porque\u00a0<b>no se aprendi\u00f3<\/b>\u201d, lament\u00f3.<\/p>\n<figure class=\"\" data-testid=\"figure-testid\">\n<div class=\"aspect_ratio__container\"><picture class=\"responsive-image\"><source srcset=\"https:\/\/tn.com.ar\/resizer\/v2\/ramon-dupuy-estuvo-acompanado-de-la-abogada-elba-soria-en-comodoro-rivadavia-foto-gentileza-adn-sur-PZU6BG26TRFUVMWC4JJMEPGEHQ.png?auth=5a7b98bd271b273fa5ebb8e2dd23e4c4f5ac2cc72fb2f1eba738bb4e9ee75293&amp;width=767\" type=\"image\/jpg\" media=\"(max-width: 728px)\" \/><source srcset=\"https:\/\/tn.com.ar\/resizer\/v2\/ramon-dupuy-estuvo-acompanado-de-la-abogada-elba-soria-en-comodoro-rivadavia-foto-gentileza-adn-sur-PZU6BG26TRFUVMWC4JJMEPGEHQ.png?auth=5a7b98bd271b273fa5ebb8e2dd23e4c4f5ac2cc72fb2f1eba738bb4e9ee75293&amp;width=1023\" type=\"image\/jpg\" media=\"(max-width: 1023px)\" \/><source srcset=\"https:\/\/tn.com.ar\/resizer\/v2\/ramon-dupuy-estuvo-acompanado-de-la-abogada-elba-soria-en-comodoro-rivadavia-foto-gentileza-adn-sur-PZU6BG26TRFUVMWC4JJMEPGEHQ.png?auth=5a7b98bd271b273fa5ebb8e2dd23e4c4f5ac2cc72fb2f1eba738bb4e9ee75293&amp;width=1440\" type=\"image\/jpg\" \/><img loading=\"lazy\" decoding=\"async\" class=\"image content-image image_placeholder\" src=\"https:\/\/tn.com.ar\/resizer\/v2\/ramon-dupuy-estuvo-acompanado-de-la-abogada-elba-soria-en-comodoro-rivadavia-foto-gentileza-adn-sur-PZU6BG26TRFUVMWC4JJMEPGEHQ.png?auth=5a7b98bd271b273fa5ebb8e2dd23e4c4f5ac2cc72fb2f1eba738bb4e9ee75293&amp;width=767\" alt=\"Ram\u00f3n Dupuy estuvo acompa\u00f1ado de la abogada Elba Soria en Comodoro Rivadavia. (Foto: gentileza ADN Sur).\" width=\"767\" height=\"430\" data-testid=\"loading-testid\" \/><\/picture><\/div><figcaption class=\"caption_image\" data-testid=\"figcaption-testid\">\n<div class=\"image_caption \">Ram\u00f3n Dupuy estuvo acompa\u00f1ado de la abogada Elba Soria en Comodoro Rivadavia. (Foto: gentileza ADN Sur).<\/div>\n<\/figcaption><\/figure>\n<p class=\"paragraph font__body-regular\">En la entrevista publicada por el portal\u00a0<i>ADN Sur<\/i>, el abuelo cont\u00f3 que se reuni\u00f3 con Luis y Lorena, el pap\u00e1 biol\u00f3gico y la mam\u00e1 del coraz\u00f3n de \u00c1ngel: \u201c<b>Sabemos lo que est\u00e1n sufriendo porque eso lo padecimos nosotros hace cuatro a\u00f1os<\/b>. Est\u00e1n cortados a la mitad\u201d,<\/p>\n<p class=\"paragraph font__body-regular\">Ram\u00f3n tambi\u00e9n exigi\u00f3 el cumplimiento de la Ley Lucio, aprobada en 2023: \u201c<b>Es una ley preciosa para el cuidado integral\u00a0<\/b>de los ni\u00f1os, ni\u00f1as y adolescentes de nuestro pa\u00eds,\u00a0<b>pero hay una sola provincia que ha tomado consciencia\u00a0<\/b>y la reglament\u00f3 con severas penas a aquellos que hagan la vista a un costado, que es C\u00f3rdoba\u201d.<\/p>\n<p class=\"paragraph font__body-regular\">\u201cEstoy en una lucha para que est\u00e9 reglamentada en todo el pa\u00eds.\u00a0<b>Si hubiera estado reglamentada el caso de \u00c1ngel no hubiera sucedido<\/b>\u201d, asegur\u00f3.<\/p>\n<p class=\"paragraph font__body-regular\">Adem\u00e1s, afirm\u00f3 que desde la Asociaci\u00f3n Lucio Dupuy continuar\u00e1n brindando la familia de \u00c1ngel: \u201cMientras nos necesiten vamos a estar, porque\u00a0<b>sabemos del dolor de un asesinato de esta magnitud y vamos a estar presentes en todo<\/b>\u201d.<\/p>\n<\/div>\n<p><\/main><\/div>\n<\/div>\n","protected":false},"excerpt":{"rendered":"<p>Ram\u00f3n Dupuy asegur\u00f3 que el caso \u00c1ngel es \u201cun calco\u201d de lo que le ocurri\u00f3 a su nieto. (Foto: gentileza Comodoro 24). El abuelo de\u00a0Lucio Dupuy\u00a0viaj\u00f3 a Comodoro Rivadavia para acompa\u00f1ar a la familia de \u00c1ngel L\u00f3pez\u00a0en la batalla que tienen por delante para pedir justicia por la muerte. En ese sentido,\u00a0Ram\u00f3n Dupuy\u00a0consider\u00f3 que el [&hellip;]<\/p>\n","protected":false},"author":3,"featured_media":67831,"comment_status":"open","ping_status":"open","sticky":false,"template":"","format":"standard","meta":{"footnotes":""},"categories":[7,8],"tags":[],"class_list":["post-67830","post","type-post","status-publish","format-standard","has-post-thumbnail","hentry","category-nacionales","category-policiales"],"_links":{"self":[{"href":"https:\/\/informateesquina.com\/index.php?rest_route=\/wp\/v2\/posts\/67830","targetHints":{"allow":["GET"]}}],"collection":[{"href":"https:\/\/informateesquina.com\/index.php?rest_route=\/wp\/v2\/posts"}],"about":[{"href":"https:\/\/informateesquina.com\/index.php?rest_route=\/wp\/v2\/types\/post"}],"author":[{"embeddable":true,"href":"https:\/\/informateesquina.com\/index.php?rest_route=\/wp\/v2\/users\/3"}],"replies":[{"embeddable":true,"href":"https:\/\/informateesquina.com\/index.php?rest_route=%2Fwp%2Fv2%2Fcomments&post=67830"}],"version-history":[{"count":1,"href":"https:\/\/informateesquina.com\/index.php?rest_route=\/wp\/v2\/posts\/67830\/revisions"}],"predecessor-version":[{"id":67832,"href":"https:\/\/informateesquina.com\/index.php?rest_route=\/wp\/v2\/posts\/67830\/revisions\/67832"}],"wp:featuredmedia":[{"embeddable":true,"href":"https:\/\/informateesquina.com\/index.php?rest_route=\/wp\/v2\/media\/67831"}],"wp:attachment":[{"href":"https:\/\/informateesquina.com\/index.php?rest_route=%2Fwp%2Fv2%2Fmedia&parent=67830"}],"wp:term":[{"taxonomy":"category","embeddable":true,"href":"https:\/\/informateesquina.com\/index.php?rest_route=%2Fwp%2Fv2%2Fcategories&post=67830"},{"taxonomy":"post_tag","embeddable":true,"href":"https:\/\/informateesquina.com\/index.php?rest_route=%2Fwp%2Fv2%2Ftags&post=67830"}],"curies":[{"name":"wp","href":"https:\/\/api.w.org\/{rel}","templated":true}]}}