{"id":67834,"date":"2026-04-28T00:52:58","date_gmt":"2026-04-28T03:52:58","guid":{"rendered":"https:\/\/informateesquina.com\/?p=67834"},"modified":"2026-04-28T00:52:58","modified_gmt":"2026-04-28T03:52:58","slug":"aparecieron-amenazas-en-una-escuela-primaria-y-llamaron-al-911","status":"publish","type":"post","link":"https:\/\/informateesquina.com\/?p=67834","title":{"rendered":"Aparecieron &#8220;amenazas&#8221; en una escuela primaria y llamaron al 911"},"content":{"rendered":"<div class=\"fotos-y-videos\">\n<p>\u201cTiroteo 28\/04\u201d se logr\u00f3 leer en uno de los bancos de la escuela primaria \u201cSan Vicente de Paul\u201d en la ma\u00f1ana de este lunes.<\/p>\n<\/div>\n<div class=\"cuerpo\">\n<p>De acuerdo a la informaci\u00f3n a la que accedi\u00f3 Radio Sudamericana, las autoridades del establecimiento advirtieron la situaci\u00f3n y realizaron un llamado al sistema de emergencias 911 para alertar sobre el mensaje.<\/p>\n<p>Se desconoce quien se encuentra involucrado en el hecho ya que adem\u00e1s de funcionar la escuela primaria en ambos turnos (MA\u00d1ANA Y TARDE), se dictan clases de otros niveles en turno noche.<\/p>\n<\/div>\n","protected":false},"excerpt":{"rendered":"<p>\u201cTiroteo 28\/04\u201d se logr\u00f3 leer en uno de los bancos de la escuela primaria \u201cSan Vicente de Paul\u201d en la ma\u00f1ana de este lunes. De acuerdo a la informaci\u00f3n a la que accedi\u00f3 Radio Sudamericana, las autoridades del establecimiento advirtieron la situaci\u00f3n y realizaron un llamado al sistema de emergencias 911 para alertar sobre el [&hellip;]<\/p>\n","protected":false},"author":3,"featured_media":67835,"comment_status":"open","ping_status":"open","sticky":false,"template":"","format":"standard","meta":{"footnotes":""},"categories":[8,10,11],"tags":[],"class_list":["post-67834","post","type-post","status-publish","format-standard","has-post-thumbnail","hentry","category-policiales","category-provinciales","category-sociedad"],"_links":{"self":[{"href":"https:\/\/informateesquina.com\/index.php?rest_route=\/wp\/v2\/posts\/67834","targetHints":{"allow":["GET"]}}],"collection":[{"href":"https:\/\/informateesquina.com\/index.php?rest_route=\/wp\/v2\/posts"}],"about":[{"href":"https:\/\/informateesquina.com\/index.php?rest_route=\/wp\/v2\/types\/post"}],"author":[{"embeddable":true,"href":"https:\/\/informateesquina.com\/index.php?rest_route=\/wp\/v2\/users\/3"}],"replies":[{"embeddable":true,"href":"https:\/\/informateesquina.com\/index.php?rest_route=%2Fwp%2Fv2%2Fcomments&post=67834"}],"version-history":[{"count":1,"href":"https:\/\/informateesquina.com\/index.php?rest_route=\/wp\/v2\/posts\/67834\/revisions"}],"predecessor-version":[{"id":67836,"href":"https:\/\/informateesquina.com\/index.php?rest_route=\/wp\/v2\/posts\/67834\/revisions\/67836"}],"wp:featuredmedia":[{"embeddable":true,"href":"https:\/\/informateesquina.com\/index.php?rest_route=\/wp\/v2\/media\/67835"}],"wp:attachment":[{"href":"https:\/\/informateesquina.com\/index.php?rest_route=%2Fwp%2Fv2%2Fmedia&parent=67834"}],"wp:term":[{"taxonomy":"category","embeddable":true,"href":"https:\/\/informateesquina.com\/index.php?rest_route=%2Fwp%2Fv2%2Fcategories&post=67834"},{"taxonomy":"post_tag","embeddable":true,"href":"https:\/\/informateesquina.com\/index.php?rest_route=%2Fwp%2Fv2%2Ftags&post=67834"}],"curies":[{"name":"wp","href":"https:\/\/api.w.org\/{rel}","templated":true}]}}