{"id":67837,"date":"2026-04-28T01:00:38","date_gmt":"2026-04-28T04:00:38","guid":{"rendered":"https:\/\/informateesquina.com\/?p=67837"},"modified":"2026-04-28T01:00:38","modified_gmt":"2026-04-28T04:00:38","slug":"rosario-una-nena-de-6-anos-murio-tras-golpearse-en-el-recreo","status":"publish","type":"post","link":"https:\/\/informateesquina.com\/?p=67837","title":{"rendered":"Rosario: una nena de 6 a\u00f1os muri\u00f3 tras golpearse en el recreo"},"content":{"rendered":"<div class=\"fotos-y-videos\">\n<p><a class=\"fotos-desarrollo unlink\" title=\"Rosario: una nena de 6 a\u00f1os muri\u00f3 tras golpearse en el recreo\" href=\"https:\/\/www.radiosudamericana.com\/notix\/multimedia\/imagenes\/fotos\/2026-04-27\/706635.png\"><img loading=\"lazy\" decoding=\"async\" class=\"img-responsive lazyload center-block\" src=\"https:\/\/www.radiosudamericana.com\/notix\/multimedia\/imagenes\/fotos\/2026-04-27\/706635.png_nota.png\" alt=\"Rosario: una nena de 6 a\u00f1os muri\u00f3 tras golpearse en el recreo\" width=\"900\" height=\"674\" \/><\/a><\/p>\n<\/div>\n<p>&nbsp;<\/p>\n<div class=\"cuerpo\">\n<p>Una\u00a0<strong>nena de seis a\u00f1os<\/strong>\u00a0<strong>muri\u00f3\u00a0tras sufrir una ca\u00edda durante el recreo\u00a0<\/strong>en una escuela de\u00a0Rosario. Si bien en un principio\u00a0<strong>se indic\u00f3 que se hab\u00eda tropezad<\/strong>o porque ten\u00eda los cordones desatados,\u00a0<strong>su familia desminti\u00f3 esta versi\u00f3n, apunt\u00f3 contra los directivos del colegio<\/strong>\u00a0y revel\u00f3 que semanas atr\u00e1s\u00a0<strong>la menor\u00a0ya hab\u00eda padecido golpes y raspones.<\/strong><\/p>\n<p>&nbsp;<\/p>\n<p>El tr\u00e1gico hecho\u00a0<strong>se produjo el viernes por la tarde<\/strong>\u00a0en la\u00a0Escuela N\u00b0117 \u201cIslas Malvinas\u201d\u00a0cuando, por motivos que son materia de investigaci\u00f3n,\u00a0Luna, se seis a\u00f1os, se cay\u00f3 y golpe\u00f3 su cabeza contra un banco de cemento.<\/p>\n<p>\u201cCerca de las 14.30 le avisaron a mi esposa que la nena se hab\u00eda golpeado. Me pareci\u00f3 raro y vine.\u00a0<strong>Cuando estacion\u00e9 el auto vi que el m\u00e9dico de la ambulancia entraba corriendo con la camilla y me desesper\u00e9<\/strong>\u201d, cont\u00f3\u00a0Ricardo, padre de Luna, en di\u00e1logo con\u00a0Telefe Rosario.<\/p>\n<p>Seg\u00fan relat\u00f3 el hombre,\u00a0<strong>cuando ingres\u00f3 al establecimiento\u00a0se encontr\u00f3 con su hija tirada en el piso, ensangrentada y puesta de costado.<\/strong>\u00a0La menor fue trasladada de urgencia al Hospital de Ni\u00f1os V\u00edctor J. Vilela, donde ingres\u00f3 en estado cr\u00edtico. Horas m\u00e1s tarde se confirm\u00f3 muerte cerebral y posteriormente su fallecimiento.<\/p>\n<p><a class=\"fotos-desarrollo unlink\" title=\"Rosario: una nena de 6 a\u00f1os muri\u00f3 tras golpearse en el recreo\" href=\"https:\/\/www.radiosudamericana.com\/notix\/multimedia\/imagenes\/fotos\/2026-04-27\/122033.png\"><img decoding=\"async\" class=\"img-responsive\" src=\"https:\/\/www.radiosudamericana.com\/notix\/multimedia\/imagenes\/fotos\/2026-04-27\/122033.png_nota.png\" \/><\/a><\/p>\n<p>Respecto a las causas del hecho, el padre de Luna desminti\u00f3 la versi\u00f3n dada por los docentes respecto a que la nena se hab\u00eda ca\u00eddo porque ten\u00eda los cordones desatados: \u201cYo la agarr\u00e9 a mi hija en la camilla y los cordones estaban tal cual yo se los hab\u00eda atado\u201d, afirm\u00f3 su padre y asegur\u00f3 que\u00a0\u201csiempre se los ataba con doble nudo\u201d.<\/p>\n<p>\u201cNo sabemos lo que le pas\u00f3 a la nena ah\u00ed adentro. Como adultos ten\u00edan que estar, no pueden dejar que los chicos jueguen solos.\u00a0La dej\u00e9 ac\u00e1 pensando que la controlaban, y no la estaban controlando\u201d, expuso el hombre.<\/p>\n<\/div>\n","protected":false},"excerpt":{"rendered":"<p>&nbsp; Una\u00a0nena de seis a\u00f1os\u00a0muri\u00f3\u00a0tras sufrir una ca\u00edda durante el recreo\u00a0en una escuela de\u00a0Rosario. Si bien en un principio\u00a0se indic\u00f3 que se hab\u00eda tropezado porque ten\u00eda los cordones desatados,\u00a0su familia desminti\u00f3 esta versi\u00f3n, apunt\u00f3 contra los directivos del colegio\u00a0y revel\u00f3 que semanas atr\u00e1s\u00a0la menor\u00a0ya hab\u00eda padecido golpes y raspones. &nbsp; El tr\u00e1gico hecho\u00a0se produjo el [&hellip;]<\/p>\n","protected":false},"author":3,"featured_media":67838,"comment_status":"open","ping_status":"open","sticky":false,"template":"","format":"standard","meta":{"footnotes":""},"categories":[8,10],"tags":[],"class_list":["post-67837","post","type-post","status-publish","format-standard","has-post-thumbnail","hentry","category-policiales","category-provinciales"],"_links":{"self":[{"href":"https:\/\/informateesquina.com\/index.php?rest_route=\/wp\/v2\/posts\/67837","targetHints":{"allow":["GET"]}}],"collection":[{"href":"https:\/\/informateesquina.com\/index.php?rest_route=\/wp\/v2\/posts"}],"about":[{"href":"https:\/\/informateesquina.com\/index.php?rest_route=\/wp\/v2\/types\/post"}],"author":[{"embeddable":true,"href":"https:\/\/informateesquina.com\/index.php?rest_route=\/wp\/v2\/users\/3"}],"replies":[{"embeddable":true,"href":"https:\/\/informateesquina.com\/index.php?rest_route=%2Fwp%2Fv2%2Fcomments&post=67837"}],"version-history":[{"count":1,"href":"https:\/\/informateesquina.com\/index.php?rest_route=\/wp\/v2\/posts\/67837\/revisions"}],"predecessor-version":[{"id":67839,"href":"https:\/\/informateesquina.com\/index.php?rest_route=\/wp\/v2\/posts\/67837\/revisions\/67839"}],"wp:featuredmedia":[{"embeddable":true,"href":"https:\/\/informateesquina.com\/index.php?rest_route=\/wp\/v2\/media\/67838"}],"wp:attachment":[{"href":"https:\/\/informateesquina.com\/index.php?rest_route=%2Fwp%2Fv2%2Fmedia&parent=67837"}],"wp:term":[{"taxonomy":"category","embeddable":true,"href":"https:\/\/informateesquina.com\/index.php?rest_route=%2Fwp%2Fv2%2Fcategories&post=67837"},{"taxonomy":"post_tag","embeddable":true,"href":"https:\/\/informateesquina.com\/index.php?rest_route=%2Fwp%2Fv2%2Ftags&post=67837"}],"curies":[{"name":"wp","href":"https:\/\/api.w.org\/{rel}","templated":true}]}}