{"id":67862,"date":"2026-04-27T21:03:49","date_gmt":"2026-04-28T00:03:49","guid":{"rendered":"https:\/\/informateesquina.com\/?p=67862"},"modified":"2026-04-28T06:04:16","modified_gmt":"2026-04-28T09:04:16","slug":"el-piloto-benjamin-traverso-sufrio-un-fuerte-accidente-y-llevo-tranquilidad-tras-los-controles","status":"publish","type":"post","link":"https:\/\/informateesquina.com\/?p=67862","title":{"rendered":"El piloto Benjam\u00edn Traverso sufri\u00f3 un fuerte accidente y llev\u00f3 tranquilidad tras los controles"},"content":{"rendered":"<p>\u201cYa un poco m\u00e1s tranquilo luego del accidente les dejo el video del mismo. Habiendo pasado todos los controles puedo decir que soy un afortunado de haber salido ileso de este terrible palo\u201d, expres\u00f3 Traverso, destacando que, a pesar de la magnitud del impacto, no sufri\u00f3 lesiones de gravedad.<\/p>\n<p>El piloto tambi\u00e9n comparti\u00f3 sus sensaciones tras el hecho, se\u00f1alando que fue la primera vez que vive un accidente de tal intensidad: \u201cEn el momento se te pasan mil cosas por la cabeza\u201d, relat\u00f3, reflejando el impacto emocional que generan este tipo de situaciones dentro del automovilismo.<\/p>\n<div style=\"width: 720px;\" class=\"wp-video\"><video class=\"wp-video-shortcode\" id=\"video-67862-1\" width=\"720\" height=\"1280\" preload=\"metadata\" controls=\"controls\"><source type=\"video\/mp4\" src=\"http:\/\/informateesquina.com\/wp-content\/uploads\/2026\/04\/El-piloto-Benjamin-Traverso-sufrio-un-fuerte-accidente-y-llevo-tranquilidad-tras-los-controlesBe.mp4?_=1\" \/><a href=\"http:\/\/informateesquina.com\/wp-content\/uploads\/2026\/04\/El-piloto-Benjamin-Traverso-sufrio-un-fuerte-accidente-y-llevo-tranquilidad-tras-los-controlesBe.mp4\">http:\/\/informateesquina.com\/wp-content\/uploads\/2026\/04\/El-piloto-Benjamin-Traverso-sufrio-un-fuerte-accidente-y-llevo-tranquilidad-tras-los-controlesBe.mp4<\/a><\/video><\/div>\n<p>En su mensaje, hizo referencia al esfuerzo que hay detr\u00e1s de cada competencia: \u201cAs\u00ed como el automovilismo nos da muchas alegr\u00edas, tambi\u00e9n nos da estos momentos de tristeza e impotencia por todo el trabajo a detalle que hay detr\u00e1s de cada auto\u201d.<\/p>\n<p>Si bien se mostr\u00f3 agradecido por haber salido ileso, Traverso lament\u00f3 las consecuencias materiales, ya que el veh\u00edculo con el que compet\u00eda qued\u00f3 seriamente da\u00f1ado: \u201cVen\u00edamos peleando por la victoria con un auto que funcionaba a la perfecci\u00f3n y ahora no sirve m\u00e1s\u201d.<\/p>\n<p>Pese al dif\u00edcil momento, dej\u00f3 en claro su determinaci\u00f3n de seguir adelante: \u201cNo queda otra que seguir intentando y recuperarnos\u201d.<\/p>\n<p>Finalmente, agradeci\u00f3 el acompa\u00f1amiento recibido: \u201cGracias a todos los que se preocuparon y estuvieron al tanto\u201d.<\/p>\n<p>El hecho gener\u00f3 muestras de apoyo de parte de familiares, amigos y seguidores, que celebraron que el piloto no haya sufrido consecuencias f\u00edsicas tras el accidente.<\/p>\n","protected":false},"excerpt":{"rendered":"<p>\u201cYa un poco m\u00e1s tranquilo luego del accidente les dejo el video del mismo. Habiendo pasado todos los controles puedo decir que soy un afortunado de haber salido ileso de este terrible palo\u201d, expres\u00f3 Traverso, destacando que, a pesar de la magnitud del impacto, no sufri\u00f3 lesiones de gravedad. El piloto tambi\u00e9n comparti\u00f3 sus sensaciones [&hellip;]<\/p>\n","protected":false},"author":3,"featured_media":67863,"comment_status":"open","ping_status":"open","sticky":false,"template":"","format":"standard","meta":{"footnotes":""},"categories":[3],"tags":[],"class_list":["post-67862","post","type-post","status-publish","format-standard","has-post-thumbnail","hentry","category-deportes"],"_links":{"self":[{"href":"https:\/\/informateesquina.com\/index.php?rest_route=\/wp\/v2\/posts\/67862","targetHints":{"allow":["GET"]}}],"collection":[{"href":"https:\/\/informateesquina.com\/index.php?rest_route=\/wp\/v2\/posts"}],"about":[{"href":"https:\/\/informateesquina.com\/index.php?rest_route=\/wp\/v2\/types\/post"}],"author":[{"embeddable":true,"href":"https:\/\/informateesquina.com\/index.php?rest_route=\/wp\/v2\/users\/3"}],"replies":[{"embeddable":true,"href":"https:\/\/informateesquina.com\/index.php?rest_route=%2Fwp%2Fv2%2Fcomments&post=67862"}],"version-history":[{"count":1,"href":"https:\/\/informateesquina.com\/index.php?rest_route=\/wp\/v2\/posts\/67862\/revisions"}],"predecessor-version":[{"id":67865,"href":"https:\/\/informateesquina.com\/index.php?rest_route=\/wp\/v2\/posts\/67862\/revisions\/67865"}],"wp:featuredmedia":[{"embeddable":true,"href":"https:\/\/informateesquina.com\/index.php?rest_route=\/wp\/v2\/media\/67863"}],"wp:attachment":[{"href":"https:\/\/informateesquina.com\/index.php?rest_route=%2Fwp%2Fv2%2Fmedia&parent=67862"}],"wp:term":[{"taxonomy":"category","embeddable":true,"href":"https:\/\/informateesquina.com\/index.php?rest_route=%2Fwp%2Fv2%2Fcategories&post=67862"},{"taxonomy":"post_tag","embeddable":true,"href":"https:\/\/informateesquina.com\/index.php?rest_route=%2Fwp%2Fv2%2Ftags&post=67862"}],"curies":[{"name":"wp","href":"https:\/\/api.w.org\/{rel}","templated":true}]}}