{"id":67873,"date":"2026-04-29T04:43:49","date_gmt":"2026-04-29T07:43:49","guid":{"rendered":"https:\/\/informateesquina.com\/?p=67873"},"modified":"2026-04-29T04:44:44","modified_gmt":"2026-04-29T07:44:44","slug":"juan-pablo-valdes-inauguro-la-nueva-costanera-de-goya","status":"publish","type":"post","link":"https:\/\/informateesquina.com\/?p=67873","title":{"rendered":"Juan Pablo Vald\u00e9s inaugur\u00f3 la nueva Costanera de Goya"},"content":{"rendered":"<p>El gobernador Juan Pablo Vald\u00e9s inaugur\u00f3 este martes por la noche la nueva costanera de Goya y la renovada Plaza Italia, en una obra que combina recuperaci\u00f3n urbana, defensa costera e infraestructura tur\u00edstica. El acto lo\u00a0realiz\u00f3 junto al intendente Mariano Hormaechea, en el marco de la 49\u00b0 Fiesta Nacional del Surub\u00ed.<\/p>\n<p>La intervenci\u00f3n tiene su origen en el derrumbe de un sector del paseo costero en 2022, durante la gesti\u00f3n del entonces gobernador Gustavo Vald\u00e9s, hoy senador. Lo que comenz\u00f3 como una reconstrucci\u00f3n puntual deriv\u00f3 en un proyecto de mayor escala: cerca de 500 metros de nueva costanera desarrollada en dos niveles, con vistas panor\u00e1micas al Paran\u00e1 en el superior y acceso al entorno natural en el inferior. Ambos sectores se integran mediante terrazas, grader\u00edas, escalinatas y rampas de accesibilidad universal.<\/p>\n<p>La obra incluy\u00f3 adem\u00e1s m\u00e1s de 460 metros de defensa costera en hormig\u00f3n armado, desag\u00fces pluviales, nueva iluminaci\u00f3n, espacios parquizados, mobiliario urbano, juegos infantiles y sanitarios p\u00fablicos adaptados. El frente costero renovado contempla la instalaci\u00f3n de propuestas gastron\u00f3micas, comerciales y recreativas.<\/p>\n<p><img decoding=\"async\" src=\"https:\/\/www.corrientes.gob.ar\/assets\/image\/109154\/view\/f274e061dd4cd1078f7c829b02699d2af40c35a4.webp?utm_source=sendinblue&amp;utm_campaign=Con_una%20inversin%20millonaria,%20Juan%20Pablo%20Vald%C3%A9s%20inaugur%C3%B3%20la%20nueva%20Costanera%20de%20Goya&amp;utm_medium=email\" \/><\/p>\n<p>La inversi\u00f3n total del Estado provincial alcanz\u00f3 los 26\u00a0mil millones de pesos.<\/p>\n<p>El gobernador Juan Pablo Vald\u00e9s expres\u00f3 su felicidad de &#8220;poder ser parte de esta nueva historia que comienza a partir de esta noche, con esta reinauguraci\u00f3n de la Costanera, este espacio tan lindo que tienen y que ser\u00e1 parte de la vida de todos ustedes&#8221;. Vinculado sentimentalmente con la ciudad desde hace m\u00e1s de dos d\u00e9cadas, se\u00f1al\u00f3: &#8220;Hoy me toca venir por primera vez como Gobernador a la ciudad de Goya, nuevamente a ese punto, as\u00ed que siento por este lugar mi segunda casa, me tratan muy bien.&#8221; Respecto a los alcances de lo ejecutado, destac\u00f3 que &#8220;eso habla de la decisi\u00f3n del entonces gobernador Gustavo Vald\u00e9s&#8221; y anticip\u00f3 que el siguiente paso ser\u00e1 trabajar con Hormaechea en &#8220;la prolongaci\u00f3n de esta gran obra y seguir extendiendo la costanera de Goya&#8221;.<\/p>\n<p><img decoding=\"async\" src=\"https:\/\/www.corrientes.gob.ar\/assets\/image\/109156\/view\/8a009803b06f768e855fdc9287a4c2e0a2fe03d1.webp?utm_source=sendinblue&amp;utm_campaign=Con_una%20inversin%20millonaria,%20Juan%20Pablo%20Vald%C3%A9s%20inaugur%C3%B3%20la%20nueva%20Costanera%20de%20Goya&amp;utm_medium=email\" \/><\/p>\n<p>El senador Gustavo Vald\u00e9s record\u00f3 que la ca\u00edda de la costanera ocurri\u00f3 en una zona clave para la Fiesta del Surub\u00ed y que, ante esa situaci\u00f3n, el gobierno provincial &#8220;tom\u00f3 la decisi\u00f3n de rescatar la hermosa Costanera de Goya&#8221;. El intendente Hormaechea agradeci\u00f3 tanto al exgobernador por impulsar la obra como al actual mandatario por darle continuidad y llevarla a t\u00e9rmino.<\/p>\n<p>Al respecto el vecino Ricardo S\u00e1nchez, agradeci\u00f3 las obras y agradeci\u00f3 por las obras y por la presencia del gobernador Juan Pablo Vald\u00e9s, y del senador Gustavo Vald\u00e9s.<\/p>\n<p><img decoding=\"async\" src=\"https:\/\/www.corrientes.gob.ar\/assets\/image\/109158\/view\/dde03596d8ec83f020c65c536e9d2d2b43499cc1.webp?utm_source=sendinblue&amp;utm_campaign=Con_una%20inversin%20millonaria,%20Juan%20Pablo%20Vald%C3%A9s%20inaugur%C3%B3%20la%20nueva%20Costanera%20de%20Goya&amp;utm_medium=email\" \/><\/p>\n<p><img decoding=\"async\" src=\"https:\/\/www.corrientes.gob.ar\/assets\/image\/109157\/view\/910489f21eba78142209ec33dd852ba244eefc30.webp?utm_source=sendinblue&amp;utm_campaign=Con_una%20inversin%20millonaria,%20Juan%20Pablo%20Vald%C3%A9s%20inaugur%C3%B3%20la%20nueva%20Costanera%20de%20Goya&amp;utm_medium=email\" \/><\/p>\n","protected":false},"excerpt":{"rendered":"<p>El gobernador Juan Pablo Vald\u00e9s inaugur\u00f3 este martes por la noche la nueva costanera de Goya y la renovada Plaza Italia, en una obra que combina recuperaci\u00f3n urbana, defensa costera e infraestructura tur\u00edstica. El acto lo\u00a0realiz\u00f3 junto al intendente Mariano Hormaechea, en el marco de la 49\u00b0 Fiesta Nacional del Surub\u00ed. La intervenci\u00f3n tiene su [&hellip;]<\/p>\n","protected":false},"author":3,"featured_media":67875,"comment_status":"open","ping_status":"open","sticky":false,"template":"","format":"standard","meta":{"footnotes":""},"categories":[10,11],"tags":[],"class_list":["post-67873","post","type-post","status-publish","format-standard","has-post-thumbnail","hentry","category-provinciales","category-sociedad"],"_links":{"self":[{"href":"https:\/\/informateesquina.com\/index.php?rest_route=\/wp\/v2\/posts\/67873","targetHints":{"allow":["GET"]}}],"collection":[{"href":"https:\/\/informateesquina.com\/index.php?rest_route=\/wp\/v2\/posts"}],"about":[{"href":"https:\/\/informateesquina.com\/index.php?rest_route=\/wp\/v2\/types\/post"}],"author":[{"embeddable":true,"href":"https:\/\/informateesquina.com\/index.php?rest_route=\/wp\/v2\/users\/3"}],"replies":[{"embeddable":true,"href":"https:\/\/informateesquina.com\/index.php?rest_route=%2Fwp%2Fv2%2Fcomments&post=67873"}],"version-history":[{"count":1,"href":"https:\/\/informateesquina.com\/index.php?rest_route=\/wp\/v2\/posts\/67873\/revisions"}],"predecessor-version":[{"id":67876,"href":"https:\/\/informateesquina.com\/index.php?rest_route=\/wp\/v2\/posts\/67873\/revisions\/67876"}],"wp:featuredmedia":[{"embeddable":true,"href":"https:\/\/informateesquina.com\/index.php?rest_route=\/wp\/v2\/media\/67875"}],"wp:attachment":[{"href":"https:\/\/informateesquina.com\/index.php?rest_route=%2Fwp%2Fv2%2Fmedia&parent=67873"}],"wp:term":[{"taxonomy":"category","embeddable":true,"href":"https:\/\/informateesquina.com\/index.php?rest_route=%2Fwp%2Fv2%2Fcategories&post=67873"},{"taxonomy":"post_tag","embeddable":true,"href":"https:\/\/informateesquina.com\/index.php?rest_route=%2Fwp%2Fv2%2Ftags&post=67873"}],"curies":[{"name":"wp","href":"https:\/\/api.w.org\/{rel}","templated":true}]}}