{"id":67877,"date":"2026-04-29T05:58:11","date_gmt":"2026-04-29T08:58:11","guid":{"rendered":"https:\/\/informateesquina.com\/?p=67877"},"modified":"2026-04-29T06:46:06","modified_gmt":"2026-04-29T09:46:06","slug":"violento-episodio-en-corrientes-vecinos-redujeron-a-presuntos-delincuentes-en-pirayui","status":"publish","type":"post","link":"https:\/\/informateesquina.com\/?p=67877","title":{"rendered":"Violento episodio en Corrientes: vecinos redujeron a presuntos delincuentes en Pirayu\u00ed"},"content":{"rendered":"<div>\n<p class=\"copete\">El hecho ocurri\u00f3 en las inmediaciones de la <strong>Avenida Cuba y Ruta 12<\/strong>. Seg\u00fan a la informaci\u00f3n a la que pudo acceder Radio Sudamericana, los delincuentes ingresaron al domicilio del vecino aprovechando que\u00a0<strong>se trata de una persona ciega y se estaban retirando del lugar con un tubo de gas y un televisor.<\/strong><\/p>\n<\/div>\n<div class=\"cuerpo\">\n<p>La persona ciega de apellido Amarilla, se encerr\u00f3 en una pieza con su hija cuando los hermanos se metieron en su vivienda.<\/p>\n<p><a class=\"fotos-desarrollo unlink\" title=\"Vecinos redujeron a escopetazos a los hermanos Colman del Pirayu\u00ed\" href=\"https:\/\/www.radiosudamericana.com\/notix\/multimedia\/imagenes\/fotos\/2026-04-28\/329863.jpeg\"><img decoding=\"async\" class=\"img-responsive\" src=\"https:\/\/www.radiosudamericana.com\/notix\/multimedia\/imagenes\/fotos\/2026-04-28\/329863.jpeg_nota.jpeg\" \/><\/a><\/p>\n<p>&nbsp;<\/p>\n<p><strong>La maniobra fue advertida por un vecino quien intervino armado con una escopeta.\u00a0<\/strong>El hombre efectu\u00f3 disparos para frenar la huida de los malvivientes, logrando reducirlos en el lugar.\u00a0Cuando los vecinos redujeron a uno de los hermanos,\u00a0<strong>el otro se escap\u00f3 y busc\u00f3 a su familia que se hizo presente pero la Polic\u00eda ya estaba actuando en el lugar.\u00a0<\/strong><\/p>\n<p><a class=\"fotos-desarrollo unlink\" title=\"Vecinos redujeron a escopetazos a los hermanos Colman del Pirayu\u00ed\" href=\"https:\/\/www.radiosudamericana.com\/notix\/multimedia\/imagenes\/fotos\/2026-04-28\/978152.jpeg\"><img decoding=\"async\" class=\"img-responsive\" src=\"https:\/\/www.radiosudamericana.com\/notix\/multimedia\/imagenes\/fotos\/2026-04-28\/978152.jpeg_nota.jpeg\" \/><\/a><\/p>\n<p>Como resultado del enfrentamiento,\u00a0<strong>uno de los hermanos fue capturado por la polic\u00eda.\u00a0<\/strong>El segundo implicado debi\u00f3 ser trasladado de urgencia al hospital\u00a0<strong>por las heridas de perdigones en su cuerpo.\u00a0<\/strong>&#8220;Checho\u201d es el hermano detenido en la Comisar\u00eda 13 y Cristian es el que est\u00e1 internado,<strong>\u00a0ambos cuentan con\u00a0antecedentes penales.\u00a0<\/strong><\/p>\n<p><a class=\"fotos-desarrollo unlink\" title=\"Vecinos redujeron a escopetazos a los hermanos Colman del Pirayu\u00ed\" href=\"https:\/\/www.radiosudamericana.com\/notix\/multimedia\/imagenes\/fotos\/2026-04-28\/744772.jpeg\"><img decoding=\"async\" class=\"img-responsive\" src=\"https:\/\/www.radiosudamericana.com\/notix\/multimedia\/imagenes\/fotos\/2026-04-28\/744772.jpeg_nota.jpeg\" \/><\/a><\/p>\n<p>El clima se volvI\u00f3\u00a0<strong>&#8220;extremadamente caldeado&#8221;<\/strong>, oblig\u00f3 al despliegue de efectivos de la\u00a0<strong>Comisar\u00eda 13\u00b0 y del cuerpo de Infanter\u00eda<\/strong>\u00a0para evitar un posible linchamiento o nuevos incidentes.<\/p>\n<\/div>\n","protected":false},"excerpt":{"rendered":"<p>El hecho ocurri\u00f3 en las inmediaciones de la Avenida Cuba y Ruta 12. Seg\u00fan a la informaci\u00f3n a la que pudo acceder Radio Sudamericana, los delincuentes ingresaron al domicilio del vecino aprovechando que\u00a0se trata de una persona ciega y se estaban retirando del lugar con un tubo de gas y un televisor. La persona ciega [&hellip;]<\/p>\n","protected":false},"author":3,"featured_media":67878,"comment_status":"open","ping_status":"open","sticky":false,"template":"","format":"standard","meta":{"footnotes":""},"categories":[8,10],"tags":[],"class_list":["post-67877","post","type-post","status-publish","format-standard","has-post-thumbnail","hentry","category-policiales","category-provinciales"],"_links":{"self":[{"href":"https:\/\/informateesquina.com\/index.php?rest_route=\/wp\/v2\/posts\/67877","targetHints":{"allow":["GET"]}}],"collection":[{"href":"https:\/\/informateesquina.com\/index.php?rest_route=\/wp\/v2\/posts"}],"about":[{"href":"https:\/\/informateesquina.com\/index.php?rest_route=\/wp\/v2\/types\/post"}],"author":[{"embeddable":true,"href":"https:\/\/informateesquina.com\/index.php?rest_route=\/wp\/v2\/users\/3"}],"replies":[{"embeddable":true,"href":"https:\/\/informateesquina.com\/index.php?rest_route=%2Fwp%2Fv2%2Fcomments&post=67877"}],"version-history":[{"count":1,"href":"https:\/\/informateesquina.com\/index.php?rest_route=\/wp\/v2\/posts\/67877\/revisions"}],"predecessor-version":[{"id":67879,"href":"https:\/\/informateesquina.com\/index.php?rest_route=\/wp\/v2\/posts\/67877\/revisions\/67879"}],"wp:featuredmedia":[{"embeddable":true,"href":"https:\/\/informateesquina.com\/index.php?rest_route=\/wp\/v2\/media\/67878"}],"wp:attachment":[{"href":"https:\/\/informateesquina.com\/index.php?rest_route=%2Fwp%2Fv2%2Fmedia&parent=67877"}],"wp:term":[{"taxonomy":"category","embeddable":true,"href":"https:\/\/informateesquina.com\/index.php?rest_route=%2Fwp%2Fv2%2Fcategories&post=67877"},{"taxonomy":"post_tag","embeddable":true,"href":"https:\/\/informateesquina.com\/index.php?rest_route=%2Fwp%2Fv2%2Ftags&post=67877"}],"curies":[{"name":"wp","href":"https:\/\/api.w.org\/{rel}","templated":true}]}}