{"id":67880,"date":"2026-04-29T06:50:30","date_gmt":"2026-04-29T09:50:30","guid":{"rendered":"https:\/\/informateesquina.com\/?p=67880"},"modified":"2026-04-29T06:50:30","modified_gmt":"2026-04-29T09:50:30","slug":"la-banda-de-negrito-paloi-y-denino-rata-robo-un-automovil","status":"publish","type":"post","link":"https:\/\/informateesquina.com\/?p=67880","title":{"rendered":"La banda de &#8220;Negrito Paloi&#8221; y de&#8221;Ni\u00f1o Rata&#8221; rob\u00f3 un autom\u00f3vil"},"content":{"rendered":"<section class=\"body\">\n<section class=\"content\">\n<div class=\"main-text\">\n<div class=\" large m_image\">\n<figure>Hace una semana diario \u00e9poca public\u00f3 una nota referida a robos en viviendas cometidos por la banda de un joven delincuente de alias &#8220;Ni\u00f1o Rata&#8221;, en la zona noreste de la capital provincial. Seis d\u00edas despu\u00e9s el grupo de ladrones protagoniz\u00f3 dos golpes m\u00e1s que llamativos: en un barrio privado sustrajeron una motocicleta y de una vivienda del barrio Paso Mart\u00ednez hicieron lo propio con un autom\u00f3vil.<\/p>\n<p>Horas despu\u00e9s, la Polic\u00eda detuvo a dos miembros del grupo de malvivientes, un hombre de apodo &#8220;Goma&#8221; y una joven con la cual este sujeto mantendr\u00eda una relaci\u00f3n sentimental. La mujer tambi\u00e9n ser\u00eda parte activa en el il\u00edcito.<\/p>\n<p>En el procedimiento realizado despu\u00e9s de un largo seguimiento por los barrios Punta Taitalo, Molina Punta y Lomas del Mirador, efectivos de la Unidad Especial Antiarrebatos lograron recuperar el autom\u00f3vil Renault Duster.<\/p>\n<p>Ayer, los encargados de la pesquisa buscaban a &#8220;Ni\u00f1o Rata&#8221;, cuya identidad es la de Jes\u00fas R., de 21 a\u00f1os, y a Daniel T., alias &#8220;Negrito Paloi&#8221;.<\/figure>\n<figure><picture><img loading=\"lazy\" decoding=\"async\" class=\"pic\" src=\"https:\/\/www.diarioepoca.com\/content\/bucket\/6\/1486136w790h418c.jpg.webp\" alt=\"\" width=\"790\" height=\"418\" \/><\/picture><figcaption>LA PAREJA DETENIDA COMO C\u00d3MPLICE DE LOS DOS J\u00d3VENES A QUIENES ANOCHE CONTINUABAN EN LIBERTAD.<\/figcaption><\/figure>\n<\/div>\n<p>&nbsp;<\/p>\n<p>&nbsp;<\/p>\n<p>Ambos quedaron seriamente comprometidos en los hechos recientes.<\/p>\n<p>El an\u00e1lisis de c\u00e1maras de seguridad no dar\u00eda lugar a dudas de su participaci\u00f3n como los autores materiales en la sustracci\u00f3n del autom\u00f3vil.<\/p>\n<p>El veh\u00edculo de cuatro ruedas fue robado el lunes a la madrugada en Paso Mart\u00ednez y, desde entonces, lo ocultaron hasta ser encontrado en la tarde de igual d\u00eda, en poder del sujeto que responde al apodo de &#8220;Goma&#8221; y de la mujer que lo acompa\u00f1aba.<\/p>\n<p>La publicaci\u00f3n de \u00e9poca que data del mi\u00e9rcoles 22 de abril no fue una m\u00e1s, ya que en ella quedaba en clara evidencia los delitos en seguidilla que comet\u00edan ambos personajes, junto a otros c\u00f3mplices.<\/p>\n<p>Robos, hurtos, resistencia a la autoridad, son algunos de los episodios que protagoniz\u00f3 Jes\u00fas R., a lo largo de los \u00faltimos a\u00f1os, al igual que su compa\u00f1ero de andanzas, Daniel T.,.<\/p>\n<p>Ambos fueron responsables de robos a viviendas en barrios privados, asaltos callejeros con uso de armas en contra de motociclistas, ataque en pandilla contra vecinos que se animaron a denunciarlos y, por si fuera poco, atentado y resistencia contra la autoridad.<\/p>\n<p>De acuerdo a algunas fuentes oficiales, el \u00faltimo lunes los dos, m\u00e1s alias &#8220;Goma&#8221; sustrajeron la Renault Duster luego del robo de una motocicleta Zanella ZB 110 de un barrio cerrado, situado al costado de la ruta provincial 5.<\/p>\n<p>Tras identificar a los protagonistas de ambos delitos, la Unidad Antiarrebatos primero recuper\u00f3 la motocicleta y luego, el lunes a la tarde, el autom\u00f3vil en el cruce de las calles Los Tulipanes y Bilbao.<\/p>\n<p>&#8220;Goma&#8221; y su novia no resistieron ante los efectivos de civil. Fueron esposados junto al auto que estaba cubierto de barro al transitar sobre caminos de tierra durante la fuga desde Paso Mart\u00ednez.<\/p>\n<p>Jes\u00fas fue detenido el lunes 21 de abril, a la madrugada, con objetos sustra\u00eddos de una vivienda de Pasaje Linares y Sicilia del barrio Lomas del Mirador. Luego, sum\u00f3 otra acusaci\u00f3n de robo por parte de la due\u00f1a de un inmueble del barrio Molina Punta.<\/p>\n<p>Aunque su prontuario relacionado a este tipo de delitos es cada vez m\u00e1s grande, las autoridades judiciales no adoptaron medidas de detenci\u00f3n y la figura de la reincidencia qued\u00f3 de lado, de acuerdo a lo mencionado por las fuentes requeridas.<\/p>\n<h2>Historial<\/h2>\n<p>El apodo de &#8220;Ni\u00f1o Rata&#8221; no deja de repetirse por ser protagonista de numerosos il\u00edcitos desde 2023. Por ejemplo, en mayo del a\u00f1o pasado atac\u00f3 a tiros a dos polic\u00edas que frustraron el robo a una casa de calle Sicilia y Zaragoza.<\/p>\n<p>Pese a la agresi\u00f3n no hubo heridos y el joven malviviente fue detenido, aunque sali\u00f3 en libertad al poco tiempo.<\/p>\n<p>Jes\u00fas R., estuvo sospechado, tiempo despu\u00e9s, por saqueos a viviendas de un barrio cerrado en inmediaciones a la Laguna Soto, hechos en los que tambi\u00e9n habr\u00eda participado el otro ladr\u00f3n reincidente: &#8220;Negrito Paloi&#8221;.<\/p>\n<p>Precisamente, ambos ser\u00edan los responsables del asalto callejero a un motociclista el 30 de marzo \u00faltimo en costanera Norte y Sicilia, donde lo golpearon en la cabeza para sustraer el rodado.<\/p>\n<p>Al poco tiempo la moto fue recuperada en la ribera del r\u00edo Paran\u00e1, oculta entre malezas.<\/p>\n<p>En marzo, &#8220;Ni\u00f1o Rata&#8221; protagoniz\u00f3 un video viral en redes sociales cuando resisti\u00f3 su detenci\u00f3n a golpes frente a un kiosco de avenida R\u00edo Chico y calle Las Violetas. En medio de la lucha mordi\u00f3 a una oficial de Polic\u00eda.<\/p>\n<p>En una mochila llevaba la cartera propiedad de una mujer, sumada a herramientas, linterna, prendas de vestir y otros art\u00edculos robados en el barrio Jard\u00edn.<\/p>\n<p>Aunque sus antecedentes respecto a episodios de robos y violencia son abundantes no ha permanecido detenido m\u00e1s all\u00e1 de una semana.<\/p>\n<p>En una ocasi\u00f3n sustrajo tarjetas de cr\u00e9dito e hizo compras de bebidas alcoh\u00f3licas en almacenes del barrio Lomas del Mirador, para as\u00ed festejar el \u00e9xito de aquellos robos.<\/p>\n<\/div>\n<\/section>\n<\/section>\n","protected":false},"excerpt":{"rendered":"<p>Hace una semana diario \u00e9poca public\u00f3 una nota referida a robos en viviendas cometidos por la banda de un joven delincuente de alias &#8220;Ni\u00f1o Rata&#8221;, en la zona noreste de la capital provincial. Seis d\u00edas despu\u00e9s el grupo de ladrones protagoniz\u00f3 dos golpes m\u00e1s que llamativos: en un barrio privado sustrajeron una motocicleta y de [&hellip;]<\/p>\n","protected":false},"author":3,"featured_media":67881,"comment_status":"open","ping_status":"open","sticky":false,"template":"","format":"standard","meta":{"footnotes":""},"categories":[8,10],"tags":[],"class_list":["post-67880","post","type-post","status-publish","format-standard","has-post-thumbnail","hentry","category-policiales","category-provinciales"],"_links":{"self":[{"href":"https:\/\/informateesquina.com\/index.php?rest_route=\/wp\/v2\/posts\/67880","targetHints":{"allow":["GET"]}}],"collection":[{"href":"https:\/\/informateesquina.com\/index.php?rest_route=\/wp\/v2\/posts"}],"about":[{"href":"https:\/\/informateesquina.com\/index.php?rest_route=\/wp\/v2\/types\/post"}],"author":[{"embeddable":true,"href":"https:\/\/informateesquina.com\/index.php?rest_route=\/wp\/v2\/users\/3"}],"replies":[{"embeddable":true,"href":"https:\/\/informateesquina.com\/index.php?rest_route=%2Fwp%2Fv2%2Fcomments&post=67880"}],"version-history":[{"count":1,"href":"https:\/\/informateesquina.com\/index.php?rest_route=\/wp\/v2\/posts\/67880\/revisions"}],"predecessor-version":[{"id":67882,"href":"https:\/\/informateesquina.com\/index.php?rest_route=\/wp\/v2\/posts\/67880\/revisions\/67882"}],"wp:featuredmedia":[{"embeddable":true,"href":"https:\/\/informateesquina.com\/index.php?rest_route=\/wp\/v2\/media\/67881"}],"wp:attachment":[{"href":"https:\/\/informateesquina.com\/index.php?rest_route=%2Fwp%2Fv2%2Fmedia&parent=67880"}],"wp:term":[{"taxonomy":"category","embeddable":true,"href":"https:\/\/informateesquina.com\/index.php?rest_route=%2Fwp%2Fv2%2Fcategories&post=67880"},{"taxonomy":"post_tag","embeddable":true,"href":"https:\/\/informateesquina.com\/index.php?rest_route=%2Fwp%2Fv2%2Ftags&post=67880"}],"curies":[{"name":"wp","href":"https:\/\/api.w.org\/{rel}","templated":true}]}}