{"id":67885,"date":"2026-04-30T03:57:12","date_gmt":"2026-04-30T06:57:12","guid":{"rendered":"https:\/\/informateesquina.com\/?p=67885"},"modified":"2026-04-30T04:25:10","modified_gmt":"2026-04-30T07:25:10","slug":"colonia-liebig-choque-entre-dos-camiones-y-un-auto-dejo-un-muerto-en-ruta-14","status":"publish","type":"post","link":"https:\/\/informateesquina.com\/?p=67885","title":{"rendered":"Colonia Liebig: choque entre dos camiones y un auto dej\u00f3 un muerto en Ruta 14"},"content":{"rendered":"<p data-start=\"917\" data-end=\"1189\">De acuerdo a la informaci\u00f3n brindada por la Polic\u00eda, por causas que a\u00fan se investigan, colisionaron dos camiones \u2014uno marca Ford, conducido por un hombre de apellido Chilavert, y otro marca Volvo\u2014 junto a un autom\u00f3vil Chevrolet guiado por una mujer, todos mayores de edad.<\/p>\n<p data-start=\"1191\" data-end=\"1421\">El hecho ocurri\u00f3 alrededor de las 15:30 horas. Tras el impacto, los involucrados fueron asistidos en el lugar y trasladados al hospital local. Sin embargo, posteriormente se confirm\u00f3 el fallecimiento del conductor del cami\u00f3n Ford.<\/p>\n<p data-start=\"1423\" data-end=\"1527\">En el lugar se realizaron las actuaciones correspondientes para determinar las circunstancias del hecho.<\/p>\n<div style=\"width: 356px;\" class=\"wp-video\"><video class=\"wp-video-shortcode\" id=\"video-67885-1\" width=\"356\" height=\"638\" preload=\"metadata\" controls=\"controls\"><source type=\"video\/mp4\" src=\"http:\/\/informateesquina.com\/wp-content\/uploads\/2026\/04\/yhhyhy.mp4?_=1\" \/><a href=\"http:\/\/informateesquina.com\/wp-content\/uploads\/2026\/04\/yhhyhy.mp4\">http:\/\/informateesquina.com\/wp-content\/uploads\/2026\/04\/yhhyhy.mp4<\/a><\/video><\/div>\n","protected":false},"excerpt":{"rendered":"<p>De acuerdo a la informaci\u00f3n brindada por la Polic\u00eda, por causas que a\u00fan se investigan, colisionaron dos camiones \u2014uno marca Ford, conducido por un hombre de apellido Chilavert, y otro marca Volvo\u2014 junto a un autom\u00f3vil Chevrolet guiado por una mujer, todos mayores de edad. El hecho ocurri\u00f3 alrededor de las 15:30 horas. Tras el [&hellip;]<\/p>\n","protected":false},"author":3,"featured_media":67886,"comment_status":"open","ping_status":"open","sticky":false,"template":"","format":"standard","meta":{"footnotes":""},"categories":[8,10],"tags":[],"class_list":["post-67885","post","type-post","status-publish","format-standard","has-post-thumbnail","hentry","category-policiales","category-provinciales"],"_links":{"self":[{"href":"https:\/\/informateesquina.com\/index.php?rest_route=\/wp\/v2\/posts\/67885","targetHints":{"allow":["GET"]}}],"collection":[{"href":"https:\/\/informateesquina.com\/index.php?rest_route=\/wp\/v2\/posts"}],"about":[{"href":"https:\/\/informateesquina.com\/index.php?rest_route=\/wp\/v2\/types\/post"}],"author":[{"embeddable":true,"href":"https:\/\/informateesquina.com\/index.php?rest_route=\/wp\/v2\/users\/3"}],"replies":[{"embeddable":true,"href":"https:\/\/informateesquina.com\/index.php?rest_route=%2Fwp%2Fv2%2Fcomments&post=67885"}],"version-history":[{"count":1,"href":"https:\/\/informateesquina.com\/index.php?rest_route=\/wp\/v2\/posts\/67885\/revisions"}],"predecessor-version":[{"id":67888,"href":"https:\/\/informateesquina.com\/index.php?rest_route=\/wp\/v2\/posts\/67885\/revisions\/67888"}],"wp:featuredmedia":[{"embeddable":true,"href":"https:\/\/informateesquina.com\/index.php?rest_route=\/wp\/v2\/media\/67886"}],"wp:attachment":[{"href":"https:\/\/informateesquina.com\/index.php?rest_route=%2Fwp%2Fv2%2Fmedia&parent=67885"}],"wp:term":[{"taxonomy":"category","embeddable":true,"href":"https:\/\/informateesquina.com\/index.php?rest_route=%2Fwp%2Fv2%2Fcategories&post=67885"},{"taxonomy":"post_tag","embeddable":true,"href":"https:\/\/informateesquina.com\/index.php?rest_route=%2Fwp%2Fv2%2Ftags&post=67885"}],"curies":[{"name":"wp","href":"https:\/\/api.w.org\/{rel}","templated":true}]}}