{"id":67889,"date":"2026-04-30T04:04:46","date_gmt":"2026-04-30T07:04:46","guid":{"rendered":"https:\/\/informateesquina.com\/?p=67889"},"modified":"2026-04-30T04:04:46","modified_gmt":"2026-04-30T07:04:46","slug":"la-justicia-rechazo-un-recurso-de-anses-y-ordeno-que-cristina-kirchner-cobre-la-pension-de-privilegio","status":"publish","type":"post","link":"https:\/\/informateesquina.com\/?p=67889","title":{"rendered":"La Justicia rechaz\u00f3 un recurso de Anses y orden\u00f3 que Cristina Kirchner cobre la pensi\u00f3n de privilegio"},"content":{"rendered":"<div class=\"content-article-title\">\n<div class=\"wrapper-layout center-content center_story max-width\">\n<div class=\"col-content\"><\/div>\n<\/div>\n<\/div>\n<div class=\"common-layout wrapper-layout center-content center_story max-width story article\">\n<div class=\"col-content\"><main class=\"col-content\"><\/p>\n<div class=\"article__header article__story article__article\">\n<div class=\"article__head\">\n<div class=\"article__headline-byline-container\">\n<div class=\"article__byline\" data-testid=\"byline\">\n<div class=\"author-date\">\n<p class=\"paragraph font__body-regular\">La Sala III de la C\u00e1mara Federal de la Seguridad Social\u00a0<b>rechaz\u00f3 el recurso extraordinario federal<\/b>\u00a0presentado por la ANSES y dej\u00f3 firme la decisi\u00f3n que ordena\u00a0<b>restituir la pensi\u00f3n<\/b>\u00a0a\u00a0<b>Cristina Kirchner<\/b>.<\/p>\n<div id=\"ad-slot-infeed\" class=\"infeed-container\"><\/div>\n<p class=\"paragraph font__body-regular\">As\u00ed lo inform\u00f3 el\u00a0<b>Ministerio de Capital Humano<\/b>\u00a0a trav\u00e9s de un comunicado oficial, en el que adelant\u00f3 que\u00a0<b>recurrir\u00e1 en queja ante la Corte Suprema<\/b>\u00a0de Justicia de la Naci\u00f3n.<\/p>\n<div data-mrf-experience=\"IL_RNrGCM52Q_ui4aMax3fibg\"><\/div>\n<p class=\"paragraph font__body-regular\">\u201cEn el d\u00eda de la fecha la\u00a0<b>Sala III de la C\u00e1mara Federal de la Seguridad Social<\/b>\u00a0rechaz\u00f3 el recurso extraordinario federal que hab\u00eda presentado la Anses contra la medida cautelar judicial que hab\u00eda ordenado que se le pague la pensi\u00f3n a Cristina Kirchner\u201d, se\u00f1al\u00f3 el texto difundido por la cartera.<\/p>\n<p class=\"paragraph font__body-regular\">En ese mismo documento, el Gobierno confirm\u00f3 que \u201cinterpondr\u00e1\u00a0<b>recurso de queja ante<\/b>\u00a0la Corte Suprema de Justicia de la Naci\u00f3n\u201d.<\/p>\n<\/div>\n<\/div>\n<\/div>\n<div class=\"article__lead-art article__lead-art-photo\" data-testid=\"LeadArtPhoto\">\n<figure class=\"\" data-testid=\"figure-testid\">\n<div class=\"aspect_ratio__container\"><picture class=\"responsive-image\"><source srcset=\"https:\/\/tn.com.ar\/resizer\/v2\/la-expresidenta-volvera-a-cobrar-la-pension-como-viuda-de-nestor-kirchner-foto-reuters-AZWQ3S6PYBDMZLBEDCYA67J6MA?auth=300ad0d0b9bb25e989e9cd5fd4c14f370fad0623536cf8f9194a3d0cd6f41038&amp;width=767\" type=\"image\/jpg\" media=\"(max-width: 728px)\" \/><source srcset=\"https:\/\/tn.com.ar\/resizer\/v2\/la-expresidenta-volvera-a-cobrar-la-pension-como-viuda-de-nestor-kirchner-foto-reuters-AZWQ3S6PYBDMZLBEDCYA67J6MA?auth=300ad0d0b9bb25e989e9cd5fd4c14f370fad0623536cf8f9194a3d0cd6f41038&amp;width=1023\" type=\"image\/jpg\" media=\"(max-width: 1023px)\" \/><source srcset=\"https:\/\/tn.com.ar\/resizer\/v2\/la-expresidenta-volvera-a-cobrar-la-pension-como-viuda-de-nestor-kirchner-foto-reuters-AZWQ3S6PYBDMZLBEDCYA67J6MA?auth=300ad0d0b9bb25e989e9cd5fd4c14f370fad0623536cf8f9194a3d0cd6f41038&amp;width=1440\" type=\"image\/jpg\" \/><img decoding=\"async\" class=\"width_full height_full article__lead-art-photo image_placeholder\" src=\"https:\/\/tn.com.ar\/resizer\/v2\/la-expresidenta-volvera-a-cobrar-la-pension-como-viuda-de-nestor-kirchner-foto-reuters-AZWQ3S6PYBDMZLBEDCYA67J6MA?auth=300ad0d0b9bb25e989e9cd5fd4c14f370fad0623536cf8f9194a3d0cd6f41038&amp;width=767\" alt=\"La expresidenta volver\u00e1 a cobrar la pensi\u00f3n como viuda de N\u00e9stor Kirchner. (Foto: Reuters)\" \/><\/picture><\/div><figcaption class=\"caption_image\" data-testid=\"figcaption-testid\">\n<div class=\"image_caption font__body-regular\">La expresidenta volver\u00e1 a cobrar la pensi\u00f3n como viuda de N\u00e9stor Kirchner. (Foto: Reuters)<\/div>\n<\/figcaption><\/figure>\n<\/div>\n<div class=\"trinity-tts-placeholder-icon-player\"><\/div>\n<\/div>\n<\/div>\n<div class=\"default-article-color article__body article__article\">\n<p class=\"paragraph font__body-regular\">\n<div class=\"story-list\" data-mrf-recirculation=\"IL_fPSS4oUaSUaKNHLf4mpe3g\" data-mrf-root-experiment=\"0952317d-c9e3-4d65-9dd7-85816683fa43\" data-testid=\"text-html\" data-mrf-experience=\"IL_fPSS4oUaSUaKNHLf4mpe3g\">\n<article class=\"card__container card__horizontal\"><a class=\"card__image card__media\" href=\"https:\/\/tn.com.ar\/policiales\/2026\/04\/23\/la-justicia-provincial-rechazo-un-recurso-de-martin-del-rio-y-confirmo-la-condena-a-prision-perpetua\/\" data-mrf-link=\"https:\/\/tn.com.ar\/policiales\/2026\/04\/23\/la-justicia-provincial-rechazo-un-recurso-de-martin-del-rio-y-confirmo-la-condena-a-prision-perpetua\/\"><img decoding=\"async\" src=\"https:\/\/tn.com.ar\/resizer\/v2\/martin-del-rio-fue-condenado-a-prision-perpetua-en-diciembre-de-2024-foto-agustina-ribo-tn-OCYNFR4535DJVPXCFC64EQLUY4.jpg?auth=b2eb12fcc1aecfe512a531b3e549cd59a1ea0f853cb43309c116814980e4716a&amp;width=1440\" alt=\"La Justicia rechaz\u00f3 un recurso de Mart\u00edn del R\u00edo y confirm\u00f3 la condena a prisi\u00f3n perpetua por haber asesinado a sus padres\" \/><\/a><\/p>\n<div class=\"card__body\">\n<header>\n<h3 class=\"card__headline font__display\">La Justicia rechaz\u00f3 un recurso de Mart\u00edn del R\u00edo y confirm\u00f3 la condena a prisi\u00f3n perpetua por haber asesinado a sus padres<\/h3>\n<\/header>\n<\/div>\n<\/article>\n<\/div>\n<p class=\"paragraph font__body-regular\">La resoluci\u00f3n judicial se inscribe en una disputa iniciada a fines de 2024, cuando la ANSES dispuso, mediante la Resoluci\u00f3n 1092, dar de baja dos prestaciones que percib\u00eda la exmandataria: la\u00a0<b>pensi\u00f3n como viuda del expresidente N\u00e9stor Kirchner<\/b>\u00a0y la\u00a0<b>jubilaci\u00f3n\u00a0<\/b>correspondiente a su desempe\u00f1o como presidenta de la Naci\u00f3n. La medida se adopt\u00f3 tras la confirmaci\u00f3n de la condena en la\u00a0<b>causa Vialidad<\/b>.<\/p>\n<p class=\"paragraph font__body-regular\">Dos meses atr\u00e1s, el Gobierno hab\u00eda presentado un\u00a0<b>recurso extraordinario<\/b>\u00a0ante la Justicia con el objetivo de revertir una decisi\u00f3n previa de la misma C\u00e1mara que hab\u00eda ordenado restablecer la asignaci\u00f3n mensual vitalicia. En aquella oportunidad, desde el Ministerio de Capital Humano cuestionaron el fallo y sostuvieron que \u201cla decisi\u00f3n recurrida\u00a0<b>afecta el principio de legalidad<\/b>\u00a0y altera el alcance de disposiciones expresas del ordenamiento jur\u00eddico\u201d.<\/p>\n<p class=\"paragraph font__body-regular\">Seg\u00fan ese planteo, la resoluci\u00f3n judicial omit\u00eda considerar \u201cla\u00a0<b>prohibici\u00f3n expresa del derecho al cobro<\/b>, ante la condena e inhabilitaci\u00f3n absoluta\u201d que pesa sobre la expresidenta. Adem\u00e1s, el organismo hab\u00eda argumentado que no exist\u00eda el<b>\u00a0\u201calegado derecho alimentario afectado\u201d\u00a0<\/b>y que el fallo incurr\u00eda en una \u201cmanifiesta err\u00f3nea aplicaci\u00f3n del derecho\u201d.<\/p>\n<p class=\"paragraph font__body-regular\">Sin embargo, la C\u00e1mara previsional ya hab\u00eda intervenido previamente para suspender los efectos de la decisi\u00f3n administrativa. En ese fallo, el tribunal declar\u00f3\u00a0<b>\u201cformalmente admisible el recurso\u201d\u00a0<\/b>presentado por Cristina y dispuso frenar la baja de la pensi\u00f3n. Los jueces\u00a0<b>Juan Fantini Albarenque y Sebasti\u00e1n Russo<\/b>\u00a0coincidieron en la restituci\u00f3n del beneficio, mientras que la jueza\u00a0<b>Nora Dorado<\/b>\u00a0no vot\u00f3 por encontrarse de licencia.<\/p>\n<p class=\"paragraph font__body-regular\">En esa resoluci\u00f3n, el tribunal sostuvo que la ANSES no pod\u00eda dar de baja el beneficio de la pensi\u00f3n, sino \u00fanicamente <b>suspenderlo<\/b>. Tambi\u00e9n consider\u00f3 incorrecto que el organismo previsional hubiera eliminado ambas prestaciones<b>\u00a0\u201cpor cuestiones de honor\u201d<\/b>, tal como hab\u00eda sido argumentado en la decisi\u00f3n administrativa.<\/p>\n<p class=\"paragraph font__body-regular\">Al mismo tiempo, la C\u00e1mara aval\u00f3 la suspensi\u00f3n de la jubilaci\u00f3n correspondiente al cargo de presidenta, al entender que la condena judicial habilita esa medida. De este modo, la decisi\u00f3n distingue entre ambos beneficios:\u00a0<b>mientras la pensi\u00f3n como viuda debe restituirse, la jubilaci\u00f3n contin\u00faa suspendida<\/b>.<\/p>\n<\/div>\n<p><\/main><\/div>\n<\/div>\n","protected":false},"excerpt":{"rendered":"<p>La Sala III de la C\u00e1mara Federal de la Seguridad Social\u00a0rechaz\u00f3 el recurso extraordinario federal\u00a0presentado por la ANSES y dej\u00f3 firme la decisi\u00f3n que ordena\u00a0restituir la pensi\u00f3n\u00a0a\u00a0Cristina Kirchner. As\u00ed lo inform\u00f3 el\u00a0Ministerio de Capital Humano\u00a0a trav\u00e9s de un comunicado oficial, en el que adelant\u00f3 que\u00a0recurrir\u00e1 en queja ante la Corte Suprema\u00a0de Justicia de la Naci\u00f3n. [&hellip;]<\/p>\n","protected":false},"author":3,"featured_media":66499,"comment_status":"open","ping_status":"open","sticky":false,"template":"","format":"standard","meta":{"footnotes":""},"categories":[7,9],"tags":[],"class_list":["post-67889","post","type-post","status-publish","format-standard","has-post-thumbnail","hentry","category-nacionales","category-politica"],"_links":{"self":[{"href":"https:\/\/informateesquina.com\/index.php?rest_route=\/wp\/v2\/posts\/67889","targetHints":{"allow":["GET"]}}],"collection":[{"href":"https:\/\/informateesquina.com\/index.php?rest_route=\/wp\/v2\/posts"}],"about":[{"href":"https:\/\/informateesquina.com\/index.php?rest_route=\/wp\/v2\/types\/post"}],"author":[{"embeddable":true,"href":"https:\/\/informateesquina.com\/index.php?rest_route=\/wp\/v2\/users\/3"}],"replies":[{"embeddable":true,"href":"https:\/\/informateesquina.com\/index.php?rest_route=%2Fwp%2Fv2%2Fcomments&post=67889"}],"version-history":[{"count":1,"href":"https:\/\/informateesquina.com\/index.php?rest_route=\/wp\/v2\/posts\/67889\/revisions"}],"predecessor-version":[{"id":67890,"href":"https:\/\/informateesquina.com\/index.php?rest_route=\/wp\/v2\/posts\/67889\/revisions\/67890"}],"wp:featuredmedia":[{"embeddable":true,"href":"https:\/\/informateesquina.com\/index.php?rest_route=\/wp\/v2\/media\/66499"}],"wp:attachment":[{"href":"https:\/\/informateesquina.com\/index.php?rest_route=%2Fwp%2Fv2%2Fmedia&parent=67889"}],"wp:term":[{"taxonomy":"category","embeddable":true,"href":"https:\/\/informateesquina.com\/index.php?rest_route=%2Fwp%2Fv2%2Fcategories&post=67889"},{"taxonomy":"post_tag","embeddable":true,"href":"https:\/\/informateesquina.com\/index.php?rest_route=%2Fwp%2Fv2%2Ftags&post=67889"}],"curies":[{"name":"wp","href":"https:\/\/api.w.org\/{rel}","templated":true}]}}