{"id":67891,"date":"2026-05-01T01:03:31","date_gmt":"2026-05-01T04:03:31","guid":{"rendered":"https:\/\/informateesquina.com\/?p=67891"},"modified":"2026-05-01T03:49:36","modified_gmt":"2026-05-01T06:49:36","slug":"historico-macaya-marquez-va-por-su-18-mundial-consecutivo-a-los-91-anos","status":"publish","type":"post","link":"https:\/\/informateesquina.com\/?p=67891","title":{"rendered":"Hist\u00f3rico: Macaya M\u00e1rquez va por su 18\u00b0 Mundial consecutivo a los 91 a\u00f1os"},"content":{"rendered":"<div class=\"rr\">\n<div class=\"rcx12 rcm8\">\n<div class=\"txt\"><img decoding=\"async\" class=\"i-amphtml-fill-content i-amphtml-replaced-content\" src=\"https:\/\/www.diariopanorama.com\/fotos\/cache\/notas\/2026\/04\/30\/1010x567_macaya-marquez-550736-114458.jpg\" alt=\"Hist\u00f3rico: Macaya M\u00e1rquez va por su 18\u00b0 Mundial consecutivo a los 91 a\u00f1os\" \/><\/div>\n<div class=\"amp-carousel-button amp-carousel-button-prev amp-disabled\" tabindex=\"-1\" title=\"Previous item in carousel (1 of 1)\" role=\"button\" aria-disabled=\"true\"><\/div>\n<div class=\"amp-carousel-button amp-carousel-button-next amp-disabled\" tabindex=\"-1\" title=\"Next item in carousel (1 of 1)\" role=\"button\" aria-disabled=\"true\"><\/div>\n<div class=\"rr vltl rtxc\">\n<div class=\"rcx12 rcm12\">\u00a0A los 91 a\u00f1os, <strong data-end=\"274\" data-start=\"233\">Enrique Macaya M\u00e1rquez<\/strong>\u00a0se prepara para seguir agrandando su leyenda. El hist\u00f3rico comentarista podr\u00eda cubrir la\u00a0<strong data-end=\"405\" data-start=\"364\">Copa Mundial de la FIFA 2026<\/strong>, lo que marcar\u00eda su\u00a0<strong data-end=\"453\" data-start=\"426\">18\u00b0 Mundial consecutivo<\/strong>, una cifra sin precedentes en el periodismo deportivo a nivel global.<\/div>\n<\/div>\n<div class=\"txt\">\n<p class=\"ampp\">Su presencia fue anticipada en una campa\u00f1a publicitaria que lo muestra rumbo a una nueva cita mundialista, reforzando una idea que atraviesa generaciones: cada vez que hay Mundial, est\u00e1 Macaya. Su v\u00ednculo con el torneo comenz\u00f3 en la\u00a0<strong data-end=\"801\" data-start=\"760\">Copa Mundial de la FIFA Suecia 1958<\/strong>\u00a0y desde entonces no falt\u00f3 a ninguna edici\u00f3n.<\/p>\n<p class=\"ampp\">A lo largo de su recorrido fue testigo privilegiado de momentos inolvidables, como las consagraciones de la Selecci\u00f3n argentina en la\u00a0<strong data-end=\"1025\" data-start=\"984\">Copa Mundial de la FIFA Argentina 1978<\/strong>, la\u00a0<strong data-end=\"1071\" data-start=\"1030\">Copa Mundial de la FIFA M\u00e9xico 1986<\/strong>\u00a0y m\u00e1s recientemente en la\u00a0<strong data-end=\"1139\" data-start=\"1098\">Copa Mundial de la FIFA Catar 2022<\/strong>. Esa continuidad durante m\u00e1s de seis d\u00e9cadas lo convirti\u00f3 en el periodista con mayor cantidad de coberturas mundialistas de la historia.<\/p>\n<p class=\"ampp\">En Qatar ya hab\u00eda alcanzado su 17\u00b0 Mundial consecutivo, una marca in\u00e9dita que ahora podr\u00eda ampliar. De confirmarse su presencia en 2026, Macaya estirar\u00e1 un r\u00e9cord que parece imposible de igualar.<\/p>\n<p class=\"ampp\">Su vigencia tambi\u00e9n se explica por su capacidad de adaptaci\u00f3n: atraves\u00f3 todas las etapas del periodismo deportivo, desde las transmisiones radiales m\u00e1s precarias hasta las actuales coberturas digitales, siempre con el mismo sello como analista. Adem\u00e1s, fue protagonista de ciclos hist\u00f3ricos como\u00a0<strong data-end=\"1816\" data-start=\"1775\">F\u00fatbol de Primera<\/strong>, dejando una huella imborrable en varias generaciones.<\/p>\n<\/div>\n<\/div>\n<\/div>\n","protected":false},"excerpt":{"rendered":"<p>\u00a0A los 91 a\u00f1os, Enrique Macaya M\u00e1rquez\u00a0se prepara para seguir agrandando su leyenda. El hist\u00f3rico comentarista podr\u00eda cubrir la\u00a0Copa Mundial de la FIFA 2026, lo que marcar\u00eda su\u00a018\u00b0 Mundial consecutivo, una cifra sin precedentes en el periodismo deportivo a nivel global. Su presencia fue anticipada en una campa\u00f1a publicitaria que lo muestra rumbo a una [&hellip;]<\/p>\n","protected":false},"author":3,"featured_media":67892,"comment_status":"open","ping_status":"open","sticky":false,"template":"","format":"standard","meta":{"footnotes":""},"categories":[3],"tags":[],"class_list":["post-67891","post","type-post","status-publish","format-standard","has-post-thumbnail","hentry","category-deportes"],"_links":{"self":[{"href":"https:\/\/informateesquina.com\/index.php?rest_route=\/wp\/v2\/posts\/67891","targetHints":{"allow":["GET"]}}],"collection":[{"href":"https:\/\/informateesquina.com\/index.php?rest_route=\/wp\/v2\/posts"}],"about":[{"href":"https:\/\/informateesquina.com\/index.php?rest_route=\/wp\/v2\/types\/post"}],"author":[{"embeddable":true,"href":"https:\/\/informateesquina.com\/index.php?rest_route=\/wp\/v2\/users\/3"}],"replies":[{"embeddable":true,"href":"https:\/\/informateesquina.com\/index.php?rest_route=%2Fwp%2Fv2%2Fcomments&post=67891"}],"version-history":[{"count":1,"href":"https:\/\/informateesquina.com\/index.php?rest_route=\/wp\/v2\/posts\/67891\/revisions"}],"predecessor-version":[{"id":67893,"href":"https:\/\/informateesquina.com\/index.php?rest_route=\/wp\/v2\/posts\/67891\/revisions\/67893"}],"wp:featuredmedia":[{"embeddable":true,"href":"https:\/\/informateesquina.com\/index.php?rest_route=\/wp\/v2\/media\/67892"}],"wp:attachment":[{"href":"https:\/\/informateesquina.com\/index.php?rest_route=%2Fwp%2Fv2%2Fmedia&parent=67891"}],"wp:term":[{"taxonomy":"category","embeddable":true,"href":"https:\/\/informateesquina.com\/index.php?rest_route=%2Fwp%2Fv2%2Fcategories&post=67891"},{"taxonomy":"post_tag","embeddable":true,"href":"https:\/\/informateesquina.com\/index.php?rest_route=%2Fwp%2Fv2%2Ftags&post=67891"}],"curies":[{"name":"wp","href":"https:\/\/api.w.org\/{rel}","templated":true}]}}