{"id":67894,"date":"2026-05-01T03:51:50","date_gmt":"2026-05-01T06:51:50","guid":{"rendered":"https:\/\/informateesquina.com\/?p=67894"},"modified":"2026-05-01T03:51:50","modified_gmt":"2026-05-01T06:51:50","slug":"ricardo-arjona-llego-a-argentina-para-su-serie-de-14-shows-en-buenos-aires","status":"publish","type":"post","link":"https:\/\/informateesquina.com\/?p=67894","title":{"rendered":"Ricardo Arjona lleg\u00f3 a Argentina para su serie de 14 shows en Buenos Aires"},"content":{"rendered":"<header class=\"article-header-wrapper\">\n<div class=\"article-header with-follow-button-ctn\">\n<p class=\"paragraph\" data-mrf-recirculation=\"Links inline\">A horas de iniciar su serie de 14 shows en Argentina,\u00a0<b>Ricardo Arjona<\/b>\u00a0arrib\u00f3 al pa\u00eds en la noche de este jueves. En una atm\u00f3sfera cargada de ansias y emoci\u00f3n, el int\u00e9rprete de \u201cAcomp\u00e1\u00f1ame a estar solo\u201d fue recibido por un grupo de fans en un aeropuerto de la localidad de San Fernando.<\/p>\n<div class=\"news-module\" data-mrf-recirculation=\"IL_GBLs3HYWRq2RgU4Qz8MM1Q\" data-testid=\"text-html\" data-mrf-experience=\"IL_GBLs3HYWRq2RgU4Qz8MM1Q\">\n<div class=\"recommended-card__info\"><\/div>\n<\/div>\n<p class=\"paragraph\" data-mrf-recirculation=\"Links inline\">De esta manera, la llegada del cantante oriundo de Guatemala se produjo minutos despu\u00e9s de las 22. El cantante arrib\u00f3 en un vuelo procedente desde Estados Unidos, el cual hizo escala en Per\u00fa. A metros del avi\u00f3n, el equipo de Ricardo lo esperaba con dos veh\u00edculos de transporte, uno de ellos blindado.<\/p>\n<p class=\"paragraph\" data-mrf-recirculation=\"Links inline\">Sin embargo, antes de subirse al veh\u00edculo para descansar en su hotel, el cantante recibi\u00f3 a sus fans, con quienes se fotografi\u00f3 sonriendo. Los j\u00f3venes rodearon a la figura internacional y lucieron una bandera argentina, marcando la relaci\u00f3n entre el m\u00fasico y el pa\u00eds.<\/p>\n<\/div>\n<\/header>\n<article class=\"article\">\n<div class=\"body-article \">\n<div class=\"visual__image image-initial-width\"><picture><source srcset=\"https:\/\/www.infobae.com\/resizer\/v2\/R4LFUMEPNZEJZE4MXNTPXWMVOY.png?auth=6b88501057a108340e0f710c0ace7ae1ccabe54c259e562d4391948d2f027783&amp;smart=true&amp;width=992&amp;height=558&amp;quality=85\" media=\"(min-width: 1000px)\" \/><source srcset=\"https:\/\/www.infobae.com\/resizer\/v2\/R4LFUMEPNZEJZE4MXNTPXWMVOY.png?auth=6b88501057a108340e0f710c0ace7ae1ccabe54c259e562d4391948d2f027783&amp;smart=true&amp;width=768&amp;height=432&amp;quality=85\" media=\"(min-width: 768px)\" \/><source srcset=\"https:\/\/www.infobae.com\/resizer\/v2\/R4LFUMEPNZEJZE4MXNTPXWMVOY.png?auth=6b88501057a108340e0f710c0ace7ae1ccabe54c259e562d4391948d2f027783&amp;smart=true&amp;width=577&amp;height=325&amp;quality=85\" media=\"(min-width: 580px)\" \/><source srcset=\"https:\/\/www.infobae.com\/resizer\/v2\/R4LFUMEPNZEJZE4MXNTPXWMVOY.png?auth=6b88501057a108340e0f710c0ace7ae1ccabe54c259e562d4391948d2f027783&amp;smart=true&amp;width=420&amp;height=236&amp;quality=85\" media=\"(min-width: 350px)\" \/><source srcset=\"https:\/\/www.infobae.com\/resizer\/v2\/R4LFUMEPNZEJZE4MXNTPXWMVOY.png?auth=6b88501057a108340e0f710c0ace7ae1ccabe54c259e562d4391948d2f027783&amp;smart=true&amp;width=350&amp;height=197&amp;quality=85\" media=\"(min-width: 80px)\" \/><img loading=\"lazy\" decoding=\"async\" class=\"global-image\" src=\"https:\/\/www.infobae.com\/resizer\/v2\/R4LFUMEPNZEJZE4MXNTPXWMVOY.png?auth=6b88501057a108340e0f710c0ace7ae1ccabe54c259e562d4391948d2f027783&amp;smart=true&amp;width=350&amp;height=197&amp;quality=85\" alt=\"Ricardo Arjona lleg\u00f3 a Argentina para su serie de 14 shows en Buenos Aires: sonrisas, saludos y fotos con sus fans\" width=\"1920\" height=\"1080\" \/><\/picture>Ricardo Arjona aterriza en Argentina para su esperada serie de 14 conciertos en Buenos Aires<\/div>\n<p class=\"paragraph\" data-mrf-recirculation=\"Links inline\">\n<div class=\"news-module\" data-mrf-recirculation=\"IL_m3kiGo-8SVS6m0U7OqrZLw\" data-testid=\"text-html\" data-mrf-experience=\"IL_m3kiGo-8SVS6m0U7OqrZLw\">\n<div class=\"recommended-card__info\"><\/div>\n<\/div>\n<p class=\"paragraph\" data-mrf-recirculation=\"Links inline\">Preparado para las templadas temperaturas que invaden Buenos Aires, Arjona se mostr\u00f3 con un look compuesto por un abrigo largo de color oscuro con solapas anchas y cintur\u00f3n, acompa\u00f1ado de un gorro tejido gris ajustado a la cabeza. Adem\u00e1s, el artista utilizaba lentes oscuros y vest\u00eda pantalones deportivos negros con una franja blanca en el costado. Sus zapatillas tambi\u00e9n eran de color negro.<\/p>\n<div class=\"visual__image\"><picture><source srcset=\"https:\/\/www.infobae.com\/resizer\/v2\/NDRN6OURWJEV5OQYSCWEX6WLQQ.jpg?auth=61de568d829834ee10ec8762397efc9c25aece46d5a106347356bfd87b26d73a&amp;smart=true&amp;width=992&amp;height=661&amp;quality=85\" media=\"(min-width: 1000px)\" \/><source srcset=\"https:\/\/www.infobae.com\/resizer\/v2\/NDRN6OURWJEV5OQYSCWEX6WLQQ.jpg?auth=61de568d829834ee10ec8762397efc9c25aece46d5a106347356bfd87b26d73a&amp;smart=true&amp;width=768&amp;height=512&amp;quality=85\" media=\"(min-width: 768px)\" \/><source srcset=\"https:\/\/www.infobae.com\/resizer\/v2\/NDRN6OURWJEV5OQYSCWEX6WLQQ.jpg?auth=61de568d829834ee10ec8762397efc9c25aece46d5a106347356bfd87b26d73a&amp;smart=true&amp;width=577&amp;height=384&amp;quality=85\" media=\"(min-width: 580px)\" \/><source srcset=\"https:\/\/www.infobae.com\/resizer\/v2\/NDRN6OURWJEV5OQYSCWEX6WLQQ.jpg?auth=61de568d829834ee10ec8762397efc9c25aece46d5a106347356bfd87b26d73a&amp;smart=true&amp;width=420&amp;height=280&amp;quality=85\" media=\"(min-width: 350px)\" \/><source srcset=\"https:\/\/www.infobae.com\/resizer\/v2\/NDRN6OURWJEV5OQYSCWEX6WLQQ.jpg?auth=61de568d829834ee10ec8762397efc9c25aece46d5a106347356bfd87b26d73a&amp;smart=true&amp;width=350&amp;height=233&amp;quality=85\" media=\"(min-width: 80px)\" \/><img loading=\"lazy\" decoding=\"async\" class=\"global-image\" src=\"https:\/\/www.infobae.com\/resizer\/v2\/NDRN6OURWJEV5OQYSCWEX6WLQQ.jpg?auth=61de568d829834ee10ec8762397efc9c25aece46d5a106347356bfd87b26d73a&amp;smart=true&amp;width=350&amp;height=233&amp;quality=85\" alt=\"Ricardo Arjona regres\u00f3 a Argentina\" width=\"1600\" height=\"1066\" \/><\/picture>El cantautor guatemalteco fue recibido por fans con una bandera argentina tras llegar en un vuelo desde Estados Unidos (Cr\u00e9dito: RSFOTOS)<\/div>\n<div class=\"visual__image\"><picture><source srcset=\"https:\/\/www.infobae.com\/resizer\/v2\/MT6ZR55LE5FKHAO72NGSLSYI6I.jpg?auth=a0e7dfdc9a0a573780fe4f6d291da1a35ddd27b2b6c857ecbe6126da9bc5ad1e&amp;smart=true&amp;width=992&amp;height=661&amp;quality=85\" media=\"(min-width: 1000px)\" \/><source srcset=\"https:\/\/www.infobae.com\/resizer\/v2\/MT6ZR55LE5FKHAO72NGSLSYI6I.jpg?auth=a0e7dfdc9a0a573780fe4f6d291da1a35ddd27b2b6c857ecbe6126da9bc5ad1e&amp;smart=true&amp;width=768&amp;height=512&amp;quality=85\" media=\"(min-width: 768px)\" \/><source srcset=\"https:\/\/www.infobae.com\/resizer\/v2\/MT6ZR55LE5FKHAO72NGSLSYI6I.jpg?auth=a0e7dfdc9a0a573780fe4f6d291da1a35ddd27b2b6c857ecbe6126da9bc5ad1e&amp;smart=true&amp;width=577&amp;height=384&amp;quality=85\" media=\"(min-width: 580px)\" \/><source srcset=\"https:\/\/www.infobae.com\/resizer\/v2\/MT6ZR55LE5FKHAO72NGSLSYI6I.jpg?auth=a0e7dfdc9a0a573780fe4f6d291da1a35ddd27b2b6c857ecbe6126da9bc5ad1e&amp;smart=true&amp;width=420&amp;height=280&amp;quality=85\" media=\"(min-width: 350px)\" \/><source srcset=\"https:\/\/www.infobae.com\/resizer\/v2\/MT6ZR55LE5FKHAO72NGSLSYI6I.jpg?auth=a0e7dfdc9a0a573780fe4f6d291da1a35ddd27b2b6c857ecbe6126da9bc5ad1e&amp;smart=true&amp;width=350&amp;height=233&amp;quality=85\" media=\"(min-width: 80px)\" \/><img loading=\"lazy\" decoding=\"async\" class=\"global-image\" src=\"https:\/\/www.infobae.com\/resizer\/v2\/MT6ZR55LE5FKHAO72NGSLSYI6I.jpg?auth=a0e7dfdc9a0a573780fe4f6d291da1a35ddd27b2b6c857ecbe6126da9bc5ad1e&amp;smart=true&amp;width=350&amp;height=233&amp;quality=85\" alt=\"Ricardo Arjona regres\u00f3 a Argentina\" width=\"1600\" height=\"1066\" \/><\/picture>Arjona inicia su gira latinoamericana, &#8216;Lo que el SECO no dijo&#8217;, luego de 36 exitosos conciertos en Estados Unidos.<\/div>\n<div class=\"visual__image\"><picture><source srcset=\"https:\/\/www.infobae.com\/resizer\/v2\/OZ2EX47AXFBHVEVV4A7VTKUPKI.jpg?auth=5455ae09146b2480172044f78580d977264814be658250be5f6f396aec4f0e05&amp;smart=true&amp;width=992&amp;height=661&amp;quality=85\" media=\"(min-width: 1000px)\" \/><source srcset=\"https:\/\/www.infobae.com\/resizer\/v2\/OZ2EX47AXFBHVEVV4A7VTKUPKI.jpg?auth=5455ae09146b2480172044f78580d977264814be658250be5f6f396aec4f0e05&amp;smart=true&amp;width=768&amp;height=512&amp;quality=85\" media=\"(min-width: 768px)\" \/><source srcset=\"https:\/\/www.infobae.com\/resizer\/v2\/OZ2EX47AXFBHVEVV4A7VTKUPKI.jpg?auth=5455ae09146b2480172044f78580d977264814be658250be5f6f396aec4f0e05&amp;smart=true&amp;width=577&amp;height=384&amp;quality=85\" media=\"(min-width: 580px)\" \/><source srcset=\"https:\/\/www.infobae.com\/resizer\/v2\/OZ2EX47AXFBHVEVV4A7VTKUPKI.jpg?auth=5455ae09146b2480172044f78580d977264814be658250be5f6f396aec4f0e05&amp;smart=true&amp;width=420&amp;height=280&amp;quality=85\" media=\"(min-width: 350px)\" \/><source srcset=\"https:\/\/www.infobae.com\/resizer\/v2\/OZ2EX47AXFBHVEVV4A7VTKUPKI.jpg?auth=5455ae09146b2480172044f78580d977264814be658250be5f6f396aec4f0e05&amp;smart=true&amp;width=350&amp;height=233&amp;quality=85\" media=\"(min-width: 80px)\" \/><img loading=\"lazy\" decoding=\"async\" class=\"global-image\" src=\"https:\/\/www.infobae.com\/resizer\/v2\/OZ2EX47AXFBHVEVV4A7VTKUPKI.jpg?auth=5455ae09146b2480172044f78580d977264814be658250be5f6f396aec4f0e05&amp;smart=true&amp;width=350&amp;height=233&amp;quality=85\" alt=\"Ricardo Arjona regres\u00f3 a Argentina\" width=\"1600\" height=\"1066\" \/><\/picture>La seguridad durante el arribo de Ricardo Arjona incluy\u00f3 veh\u00edculos blindados y una recepci\u00f3n privada en el aeropuerto de San Fernando<\/div>\n<div class=\"visual__image\"><picture><source srcset=\"https:\/\/www.infobae.com\/resizer\/v2\/5ZD73N4WHZB5TH6MMPTP6SQ3ZY.jpg?auth=877be244dc2d8518da5f21ab5b977023e65c067e32701dc1492dc0ddf121f521&amp;smart=true&amp;width=992&amp;height=661&amp;quality=85\" media=\"(min-width: 1000px)\" \/><source srcset=\"https:\/\/www.infobae.com\/resizer\/v2\/5ZD73N4WHZB5TH6MMPTP6SQ3ZY.jpg?auth=877be244dc2d8518da5f21ab5b977023e65c067e32701dc1492dc0ddf121f521&amp;smart=true&amp;width=768&amp;height=512&amp;quality=85\" media=\"(min-width: 768px)\" \/><source srcset=\"https:\/\/www.infobae.com\/resizer\/v2\/5ZD73N4WHZB5TH6MMPTP6SQ3ZY.jpg?auth=877be244dc2d8518da5f21ab5b977023e65c067e32701dc1492dc0ddf121f521&amp;smart=true&amp;width=577&amp;height=384&amp;quality=85\" media=\"(min-width: 580px)\" \/><source srcset=\"https:\/\/www.infobae.com\/resizer\/v2\/5ZD73N4WHZB5TH6MMPTP6SQ3ZY.jpg?auth=877be244dc2d8518da5f21ab5b977023e65c067e32701dc1492dc0ddf121f521&amp;smart=true&amp;width=420&amp;height=280&amp;quality=85\" media=\"(min-width: 350px)\" \/><source srcset=\"https:\/\/www.infobae.com\/resizer\/v2\/5ZD73N4WHZB5TH6MMPTP6SQ3ZY.jpg?auth=877be244dc2d8518da5f21ab5b977023e65c067e32701dc1492dc0ddf121f521&amp;smart=true&amp;width=350&amp;height=233&amp;quality=85\" media=\"(min-width: 80px)\" \/><img loading=\"lazy\" decoding=\"async\" class=\"global-image\" src=\"https:\/\/www.infobae.com\/resizer\/v2\/5ZD73N4WHZB5TH6MMPTP6SQ3ZY.jpg?auth=877be244dc2d8518da5f21ab5b977023e65c067e32701dc1492dc0ddf121f521&amp;smart=true&amp;width=350&amp;height=233&amp;quality=85\" alt=\"Ricardo Arjona regres\u00f3 a Argentina\" width=\"1600\" height=\"1066\" \/><\/picture>El vestuario de Arjona al llegar a Buenos Aires combin\u00f3 abrigo oscuro, gorro gris y gafas de sol, acorde con el clima local<\/div>\n<p class=\"paragraph\" data-mrf-recirculation=\"Links inline\">En este ciclo de conciertos, el artista presenta un repertorio que alterna sus cl\u00e1sicos m\u00e1s reconocidos con temas de sus trabajos m\u00e1s recientes. Esta combinaci\u00f3n ha sido fundamental para mantener su presencia en la escena musical.<\/p>\n<div class=\"news-module\" data-mrf-recirculation=\"IL_wLyG9sjfRQKb8QO3fSLumw\" data-testid=\"text-html\" data-mrf-experience=\"IL_wLyG9sjfRQKb8QO3fSLumw\">\n<div class=\"recommended-card__info\">Adem\u00e1s del repertorio musical, sus shows destacan por una puesta en escena en la que los recursos visuales acompa\u00f1an la narrativa de cada canci\u00f3n. Arjona se enfoca en generar una experiencia integral para el p\u00fablico. La cantidad de funciones programadas refleja su relevancia dentro de la industria.<\/div>\n<\/div>\n<p class=\"paragraph\" data-mrf-recirculation=\"Links inline\">En un escenario donde las tendencias musicales evolucionan de manera constante, Arjona conserva una identidad art\u00edstica definida y se mantiene al margen de las modas temporales. A los 62 a\u00f1os, sigue ocupando un lugar destacado en la m\u00fasica latina.<\/p>\n<div class=\"visual__image\"><picture><source srcset=\"https:\/\/www.infobae.com\/resizer\/v2\/NYGOCC2MCFGCNF6OYNYHEIL4JY.jpg?auth=7709c92b17f9e9216d03a7c5b2df5cb0e217ae2b05b51fadc5aacbb58381a01c&amp;smart=true&amp;width=992&amp;height=661&amp;quality=85\" media=\"(min-width: 1000px)\" \/><source srcset=\"https:\/\/www.infobae.com\/resizer\/v2\/NYGOCC2MCFGCNF6OYNYHEIL4JY.jpg?auth=7709c92b17f9e9216d03a7c5b2df5cb0e217ae2b05b51fadc5aacbb58381a01c&amp;smart=true&amp;width=768&amp;height=512&amp;quality=85\" media=\"(min-width: 768px)\" \/><source srcset=\"https:\/\/www.infobae.com\/resizer\/v2\/NYGOCC2MCFGCNF6OYNYHEIL4JY.jpg?auth=7709c92b17f9e9216d03a7c5b2df5cb0e217ae2b05b51fadc5aacbb58381a01c&amp;smart=true&amp;width=577&amp;height=384&amp;quality=85\" media=\"(min-width: 580px)\" \/><source srcset=\"https:\/\/www.infobae.com\/resizer\/v2\/NYGOCC2MCFGCNF6OYNYHEIL4JY.jpg?auth=7709c92b17f9e9216d03a7c5b2df5cb0e217ae2b05b51fadc5aacbb58381a01c&amp;smart=true&amp;width=420&amp;height=280&amp;quality=85\" media=\"(min-width: 350px)\" \/><source srcset=\"https:\/\/www.infobae.com\/resizer\/v2\/NYGOCC2MCFGCNF6OYNYHEIL4JY.jpg?auth=7709c92b17f9e9216d03a7c5b2df5cb0e217ae2b05b51fadc5aacbb58381a01c&amp;smart=true&amp;width=350&amp;height=233&amp;quality=85\" media=\"(min-width: 80px)\" \/><img loading=\"lazy\" decoding=\"async\" class=\"global-image\" src=\"https:\/\/www.infobae.com\/resizer\/v2\/NYGOCC2MCFGCNF6OYNYHEIL4JY.jpg?auth=7709c92b17f9e9216d03a7c5b2df5cb0e217ae2b05b51fadc5aacbb58381a01c&amp;smart=true&amp;width=350&amp;height=233&amp;quality=85\" alt=\"Ricardo Arjona regres\u00f3 a Argentina\" width=\"1600\" height=\"1066\" \/><\/picture>El repertorio en los shows de Arjona alterna grandes \u00e9xitos y canciones recientes, reforzando su vigencia en la m\u00fasica latina<\/div>\n<div class=\"visual__image\"><picture><source srcset=\"https:\/\/www.infobae.com\/resizer\/v2\/H3F3UXJWZFGQFH4KZCK6MK575A.jpg?auth=f1c2d9380cedea8f1ef686899a44810dbd43189b5af2b3761ac56e01dbc63534&amp;smart=true&amp;width=992&amp;height=661&amp;quality=85\" media=\"(min-width: 1000px)\" \/><source srcset=\"https:\/\/www.infobae.com\/resizer\/v2\/H3F3UXJWZFGQFH4KZCK6MK575A.jpg?auth=f1c2d9380cedea8f1ef686899a44810dbd43189b5af2b3761ac56e01dbc63534&amp;smart=true&amp;width=768&amp;height=512&amp;quality=85\" media=\"(min-width: 768px)\" \/><source srcset=\"https:\/\/www.infobae.com\/resizer\/v2\/H3F3UXJWZFGQFH4KZCK6MK575A.jpg?auth=f1c2d9380cedea8f1ef686899a44810dbd43189b5af2b3761ac56e01dbc63534&amp;smart=true&amp;width=577&amp;height=384&amp;quality=85\" media=\"(min-width: 580px)\" \/><source srcset=\"https:\/\/www.infobae.com\/resizer\/v2\/H3F3UXJWZFGQFH4KZCK6MK575A.jpg?auth=f1c2d9380cedea8f1ef686899a44810dbd43189b5af2b3761ac56e01dbc63534&amp;smart=true&amp;width=420&amp;height=280&amp;quality=85\" media=\"(min-width: 350px)\" \/><source srcset=\"https:\/\/www.infobae.com\/resizer\/v2\/H3F3UXJWZFGQFH4KZCK6MK575A.jpg?auth=f1c2d9380cedea8f1ef686899a44810dbd43189b5af2b3761ac56e01dbc63534&amp;smart=true&amp;width=350&amp;height=233&amp;quality=85\" media=\"(min-width: 80px)\" \/><img loading=\"lazy\" decoding=\"async\" class=\"global-image\" src=\"https:\/\/www.infobae.com\/resizer\/v2\/H3F3UXJWZFGQFH4KZCK6MK575A.jpg?auth=f1c2d9380cedea8f1ef686899a44810dbd43189b5af2b3761ac56e01dbc63534&amp;smart=true&amp;width=350&amp;height=233&amp;quality=85\" alt=\"Ricardo Arjona regres\u00f3 a Argentina\" width=\"1600\" height=\"1066\" \/><\/picture>La puesta en escena de la gira de Arjona destaca por efectos visuales que enriquecen la experiencia de sus presentaciones en Argentina<\/div>\n<div class=\"visual__image\"><picture><source srcset=\"https:\/\/www.infobae.com\/resizer\/v2\/O5LUCX4IO5GYFEFB5JJYUDNARU.jpg?auth=4d1825df674d2f6e66e7c4682d20220e84c826f787ed888f043cb8d99ab462be&amp;smart=true&amp;width=992&amp;height=661&amp;quality=85\" media=\"(min-width: 1000px)\" \/><source srcset=\"https:\/\/www.infobae.com\/resizer\/v2\/O5LUCX4IO5GYFEFB5JJYUDNARU.jpg?auth=4d1825df674d2f6e66e7c4682d20220e84c826f787ed888f043cb8d99ab462be&amp;smart=true&amp;width=768&amp;height=512&amp;quality=85\" media=\"(min-width: 768px)\" \/><source srcset=\"https:\/\/www.infobae.com\/resizer\/v2\/O5LUCX4IO5GYFEFB5JJYUDNARU.jpg?auth=4d1825df674d2f6e66e7c4682d20220e84c826f787ed888f043cb8d99ab462be&amp;smart=true&amp;width=577&amp;height=384&amp;quality=85\" media=\"(min-width: 580px)\" \/><source srcset=\"https:\/\/www.infobae.com\/resizer\/v2\/O5LUCX4IO5GYFEFB5JJYUDNARU.jpg?auth=4d1825df674d2f6e66e7c4682d20220e84c826f787ed888f043cb8d99ab462be&amp;smart=true&amp;width=420&amp;height=280&amp;quality=85\" media=\"(min-width: 350px)\" \/><source srcset=\"https:\/\/www.infobae.com\/resizer\/v2\/O5LUCX4IO5GYFEFB5JJYUDNARU.jpg?auth=4d1825df674d2f6e66e7c4682d20220e84c826f787ed888f043cb8d99ab462be&amp;smart=true&amp;width=350&amp;height=233&amp;quality=85\" media=\"(min-width: 80px)\" \/><img loading=\"lazy\" decoding=\"async\" class=\"global-image\" src=\"https:\/\/www.infobae.com\/resizer\/v2\/O5LUCX4IO5GYFEFB5JJYUDNARU.jpg?auth=4d1825df674d2f6e66e7c4682d20220e84c826f787ed888f043cb8d99ab462be&amp;smart=true&amp;width=350&amp;height=233&amp;quality=85\" alt=\"Ricardo Arjona regres\u00f3 a Argentina\" width=\"1600\" height=\"1066\" \/><\/picture>La fuerte demanda de entradas oblig\u00f3 a Ricardo Arjona a agregar una nueva funci\u00f3n el 25 de mayo en Buenos Aires<\/div>\n<p class=\"paragraph\" data-mrf-recirculation=\"Links inline\">El cantautor guatemalteco viene de finalizar su paso por Estados Unidos antes de comenzar su gira por Latinoam\u00e9rica, como parte de su tour internacional \u201cLo que el SECO no dijo\u201d. En los \u00faltimos d\u00edas, el m\u00fasico public\u00f3 un video en el que recopil\u00f3 algunos momentos de su experiencia en el hemisferio norte y agradeci\u00f3 la respuesta de su p\u00fablico en los recitales. En su mensaje, que super\u00f3 los 30 mil \u201cme gusta\u201d en Instagram, Arjona escribi\u00f3: \u201cUn viaje, 36 conciertos. La alegr\u00eda de estar cerca. Y la br\u00fajula apuntando al sur. Gracias, ninguno de todos estos conciertos quedar\u00e1 en el olvido. Me los llevo conmigo\u201d.<\/p>\n<p class=\"paragraph\" data-mrf-recirculation=\"Links inline\">El video incluye im\u00e1genes destacadas de su show en el Kaseya Center de Miami. Arjona expres\u00f3 que todav\u00eda le resulta dif\u00edcil dimensionar lo que signific\u00f3 su gira por Estados Unidos, aunque prefiere mantener un perfil bajo. \u201cEn mi infancia, Estados Unidos solo era un sitio lejano. Si alguien me hubiera dicho que iba a estar en Miami haciendo cinco arenas seguidas, me habr\u00eda resultado dif\u00edcil creerlo. Hoy, despu\u00e9s de presentarme en ciudades como Los \u00c1ngeles y Nueva York, y realizar 36 conciertos en este pa\u00eds con tanta repercusi\u00f3n, todav\u00eda no termino de asimilarlo. Prefiero mantenerme con los pies en la tierra y dejar que las canciones decidan el camino\u201d, comparti\u00f3 con sus seguidores.<\/p>\n<p class=\"paragraph\" data-mrf-recirculation=\"Links inline\">As\u00ed, Arjona comienza una nueva serie de presentaciones en Buenos Aires y refuerza su conexi\u00f3n con el p\u00fablico argentino, que ha acompa\u00f1ado su trayectoria con notable fidelidad y entusiasmo. El cantante ofrecer\u00e1 recitales los d\u00edas 1, 2, 3, 7, 8, 10, 11, 12, 17, 18, 19, 23, 24 y 25 de mayo, sumando esta \u00faltima fecha debido a la alta demanda de entradas.<\/p>\n<\/div>\n<\/article>\n","protected":false},"excerpt":{"rendered":"<p>A horas de iniciar su serie de 14 shows en Argentina,\u00a0Ricardo Arjona\u00a0arrib\u00f3 al pa\u00eds en la noche de este jueves. En una atm\u00f3sfera cargada de ansias y emoci\u00f3n, el int\u00e9rprete de \u201cAcomp\u00e1\u00f1ame a estar solo\u201d fue recibido por un grupo de fans en un aeropuerto de la localidad de San Fernando. De esta manera, la [&hellip;]<\/p>\n","protected":false},"author":3,"featured_media":67895,"comment_status":"open","ping_status":"open","sticky":false,"template":"","format":"standard","meta":{"footnotes":""},"categories":[4],"tags":[],"class_list":["post-67894","post","type-post","status-publish","format-standard","has-post-thumbnail","hentry","category-espectaculos"],"_links":{"self":[{"href":"https:\/\/informateesquina.com\/index.php?rest_route=\/wp\/v2\/posts\/67894","targetHints":{"allow":["GET"]}}],"collection":[{"href":"https:\/\/informateesquina.com\/index.php?rest_route=\/wp\/v2\/posts"}],"about":[{"href":"https:\/\/informateesquina.com\/index.php?rest_route=\/wp\/v2\/types\/post"}],"author":[{"embeddable":true,"href":"https:\/\/informateesquina.com\/index.php?rest_route=\/wp\/v2\/users\/3"}],"replies":[{"embeddable":true,"href":"https:\/\/informateesquina.com\/index.php?rest_route=%2Fwp%2Fv2%2Fcomments&post=67894"}],"version-history":[{"count":1,"href":"https:\/\/informateesquina.com\/index.php?rest_route=\/wp\/v2\/posts\/67894\/revisions"}],"predecessor-version":[{"id":67896,"href":"https:\/\/informateesquina.com\/index.php?rest_route=\/wp\/v2\/posts\/67894\/revisions\/67896"}],"wp:featuredmedia":[{"embeddable":true,"href":"https:\/\/informateesquina.com\/index.php?rest_route=\/wp\/v2\/media\/67895"}],"wp:attachment":[{"href":"https:\/\/informateesquina.com\/index.php?rest_route=%2Fwp%2Fv2%2Fmedia&parent=67894"}],"wp:term":[{"taxonomy":"category","embeddable":true,"href":"https:\/\/informateesquina.com\/index.php?rest_route=%2Fwp%2Fv2%2Fcategories&post=67894"},{"taxonomy":"post_tag","embeddable":true,"href":"https:\/\/informateesquina.com\/index.php?rest_route=%2Fwp%2Fv2%2Ftags&post=67894"}],"curies":[{"name":"wp","href":"https:\/\/api.w.org\/{rel}","templated":true}]}}