{"id":67897,"date":"2026-05-01T04:19:23","date_gmt":"2026-05-01T07:19:23","guid":{"rendered":"https:\/\/informateesquina.com\/?p=67897"},"modified":"2026-05-01T04:19:23","modified_gmt":"2026-05-01T07:19:23","slug":"la-justicia-ordeno-la-detencion-del-ginecologo-gerardo-dahse","status":"publish","type":"post","link":"https:\/\/informateesquina.com\/?p=67897","title":{"rendered":"La Justicia orden\u00f3 la detenci\u00f3n del ginec\u00f3logo Gerardo Dahse"},"content":{"rendered":"<div class=\"fotos-y-videos\">\n<ul class=\"nav nav-tabs\" role=\"tablist\">\n<li class=\"active\" role=\"presentation\"><a class=\"fotos-desarrollo unlink\" title=\"La Justicia orden\u00f3 la detenci\u00f3n del ginec\u00f3logo Gerardo Dahse\" href=\"https:\/\/www.radiosudamericana.com\/notix\/multimedia\/imagenes\/fotos\/2026-04-30\/732655.jpg\"><img loading=\"lazy\" decoding=\"async\" class=\"img-responsive lazyload center-block\" src=\"https:\/\/www.radiosudamericana.com\/notix\/multimedia\/imagenes\/fotos\/2026-04-30\/732655.jpg_nota.jpg\" alt=\"La Justicia orden\u00f3 la detenci\u00f3n del ginec\u00f3logo Gerardo Dahse\" width=\"900\" height=\"600\" \/><\/a><\/li>\n<\/ul>\n<\/div>\n<p>&nbsp;<\/p>\n<div class=\"cuerpo\">\n<p>El Tribunal Oral Penal N\u00b0 1 de Corrientes orden\u00f3 la detenci\u00f3n inmediata del ginec\u00f3logo Gerardo Dahse, condenado por abuso sexual gravemente ultrajante, luego de que la sentencia quedara firme tras agotarse las instancias de apelaci\u00f3n.<\/p>\n<div id=\"leermas\"><\/div>\n<p>La decisi\u00f3n se conoci\u00f3 a partir de una c\u00e9dula de notificaci\u00f3n emitida el 30 de abril de 2026, en la que se indica que el Superior Tribunal de Justicia de Corrientes rechaz\u00f3 el recurso de casaci\u00f3n presentado por la defensa y declar\u00f3 inadmisible el recurso extraordinario federal.<\/p>\n<p>Si bien los abogados defensores anunciaron la presentaci\u00f3n de una queja ante la Corte Suprema de Justicia de la Naci\u00f3n, el tribunal dej\u00f3 en claro que ese tr\u00e1mite no suspende la ejecuci\u00f3n de la condena, por lo que corresponde avanzar con su cumplimiento.<\/p>\n<p>En ese marco, se dispuso que Dahse sea alojado en la Unidad Penal N\u00b0 6 San Cayetano, donde quedar\u00e1 a disposici\u00f3n del juzgado de ejecuci\u00f3n penal.<\/p>\n<p><a class=\"fotos-desarrollo unlink\" title=\"La Justicia orden\u00f3 la detenci\u00f3n del ginec\u00f3logo Gerardo Dahse\" href=\"https:\/\/www.radiosudamericana.com\/notix\/multimedia\/imagenes\/fotos\/2026-04-30\/837219.jpg\"><img decoding=\"async\" class=\"img-responsive\" src=\"https:\/\/www.radiosudamericana.com\/notix\/multimedia\/imagenes\/fotos\/2026-04-30\/837219.jpg_nota.jpg\" \/><\/a><\/p>\n<p>El Superior Tribunal de Justicia de Corrientes rechaz\u00f3 por unanimidad el recurso extraordinario federal presentado por la defensa del ginec\u00f3logo correntino de 60 a\u00f1os, condenado en 2023 a siete a\u00f1os de prisi\u00f3n por el abuso de una paciente durante una consulta en su consultorio, hecho ocurrido en el contexto de la pandemia de Covid.<\/p>\n<p>&nbsp;<\/p>\n<div id=\"embeds\" class=\"inser center-block\"><iframe loading=\"lazy\" title=\"ULTIMO MOMENTO!!! ORDENARON LA DETENCION DE GERARDO DHASE\" src=\"https:\/\/www.youtube.com\/embed\/Wk0cdvQfsBI\" width=\"640\" height=\"400\" frameborder=\"0\" allowfullscreen=\"allowfullscreen\" data-mce-fragment=\"1\"><\/iframe><\/div>\n<p>&nbsp;<\/p>\n<p>El voto principal, elaborado por el ministro Alejandro Alberto Chain, se\u00f1al\u00f3 que el planteo de la defensa carec\u00eda de \u201cfundamentaci\u00f3n aut\u00f3noma\u201d y de una \u201ccuesti\u00f3n federal debidamente expuesta\u201d. El magistrado explic\u00f3 que los argumentos se limitaron a reeditar cuestionamientos sobre la valoraci\u00f3n de pruebas y aspectos de derecho com\u00fan ya tratados en la instancia de Casaci\u00f3n.<\/p>\n<p>El m\u00e1ximo tribunal provincial subray\u00f3 que la simple discrepancia con el resultado de la sentencia o la invocaci\u00f3n de principios constitucionales no resulta suficiente para habilitar la instancia ante la Corte Suprema. En ese sentido, consider\u00f3 que la condena no fue arbitraria, sino una \u201cderivaci\u00f3n razonada del derecho vigente\u201d basada en las pruebas incorporadas a la causa.<\/p>\n<\/div>\n","protected":false},"excerpt":{"rendered":"<p>&nbsp; El Tribunal Oral Penal N\u00b0 1 de Corrientes orden\u00f3 la detenci\u00f3n inmediata del ginec\u00f3logo Gerardo Dahse, condenado por abuso sexual gravemente ultrajante, luego de que la sentencia quedara firme tras agotarse las instancias de apelaci\u00f3n. La decisi\u00f3n se conoci\u00f3 a partir de una c\u00e9dula de notificaci\u00f3n emitida el 30 de abril de 2026, en [&hellip;]<\/p>\n","protected":false},"author":3,"featured_media":67898,"comment_status":"open","ping_status":"open","sticky":false,"template":"","format":"standard","meta":{"footnotes":""},"categories":[8,11],"tags":[],"class_list":["post-67897","post","type-post","status-publish","format-standard","has-post-thumbnail","hentry","category-policiales","category-sociedad"],"_links":{"self":[{"href":"https:\/\/informateesquina.com\/index.php?rest_route=\/wp\/v2\/posts\/67897","targetHints":{"allow":["GET"]}}],"collection":[{"href":"https:\/\/informateesquina.com\/index.php?rest_route=\/wp\/v2\/posts"}],"about":[{"href":"https:\/\/informateesquina.com\/index.php?rest_route=\/wp\/v2\/types\/post"}],"author":[{"embeddable":true,"href":"https:\/\/informateesquina.com\/index.php?rest_route=\/wp\/v2\/users\/3"}],"replies":[{"embeddable":true,"href":"https:\/\/informateesquina.com\/index.php?rest_route=%2Fwp%2Fv2%2Fcomments&post=67897"}],"version-history":[{"count":1,"href":"https:\/\/informateesquina.com\/index.php?rest_route=\/wp\/v2\/posts\/67897\/revisions"}],"predecessor-version":[{"id":67899,"href":"https:\/\/informateesquina.com\/index.php?rest_route=\/wp\/v2\/posts\/67897\/revisions\/67899"}],"wp:featuredmedia":[{"embeddable":true,"href":"https:\/\/informateesquina.com\/index.php?rest_route=\/wp\/v2\/media\/67898"}],"wp:attachment":[{"href":"https:\/\/informateesquina.com\/index.php?rest_route=%2Fwp%2Fv2%2Fmedia&parent=67897"}],"wp:term":[{"taxonomy":"category","embeddable":true,"href":"https:\/\/informateesquina.com\/index.php?rest_route=%2Fwp%2Fv2%2Fcategories&post=67897"},{"taxonomy":"post_tag","embeddable":true,"href":"https:\/\/informateesquina.com\/index.php?rest_route=%2Fwp%2Fv2%2Ftags&post=67897"}],"curies":[{"name":"wp","href":"https:\/\/api.w.org\/{rel}","templated":true}]}}