{"id":67900,"date":"2026-05-01T04:23:33","date_gmt":"2026-05-01T07:23:33","guid":{"rendered":"https:\/\/informateesquina.com\/?p=67900"},"modified":"2026-05-01T04:23:33","modified_gmt":"2026-05-01T07:23:33","slug":"chubut-intentan-incendiar-el-penal-en-el-que-esta-la-mama-de-angel","status":"publish","type":"post","link":"https:\/\/informateesquina.com\/?p=67900","title":{"rendered":"Chubut: intentan incendiar el penal en el que est\u00e1 la mam\u00e1 de \u00c1ngel"},"content":{"rendered":"<div class=\"fotos-y-videos\">\n<ul class=\"nav nav-tabs\" role=\"tablist\">\n<li class=\"active\" role=\"presentation\"><a class=\"fotos-desarrollo unlink\" title=\"Chubut: intentan incendiar el penal en el que est\u00e1 la mam\u00e1 de \u00c1ngel\" href=\"https:\/\/www.radiosudamericana.com\/notix\/multimedia\/imagenes\/fotos\/2026-04-30\/827745.png\"><img loading=\"lazy\" decoding=\"async\" class=\"img-responsive lazyload center-block\" src=\"https:\/\/www.radiosudamericana.com\/notix\/multimedia\/imagenes\/fotos\/2026-04-30\/827745.png_nota.png\" alt=\"Chubut: intentan incendiar el penal en el que est\u00e1 la mam\u00e1 de \u00c1ngel\" width=\"900\" height=\"450\" \/><\/a><\/li>\n<\/ul>\n<\/div>\n<p>&nbsp;<\/p>\n<div class=\"cuerpo\">\n<p>Un intento de incendio gener\u00f3 alarma en el penal donde se encuentra alojada la\u00a0mam\u00e1 de \u00c1ngel,\u00a0el nene que muri\u00f3 en un contexto de maltrato familiar. El hecho ocurri\u00f3 en el\u00a0Instituto Penitenciario Provincial N\u00b03, ubicado sobre la Ruta Nacional 3 entre Trelew y Puerto Madryn, y fue r\u00e1pidamente controlado por el personal.<\/p>\n<h2><strong>C\u00f3mo se origin\u00f3 el foco \u00edgneo en el penal<\/strong><\/h2>\n<p>Seg\u00fan informaron las autoridades, el fuego se inici\u00f3 en el\u00a0m\u00f3dulo 1 del pabell\u00f3n femenino, donde se alojan internas. El jefe penitenciario, Gabriel Araujo, explic\u00f3:\u00a0\u201cSe desat\u00f3 un foco \u00edgneo en el m\u00f3dulo que aloja internas femeninas y el personal tuvo que sofocarlo\u201d.<\/p>\n<p>El foco se habr\u00eda originado en un\u00a0colch\u00f3n de goma espuma, en medio de un conflicto entre detenidas. Araujo detall\u00f3:\u00a0\u201cTodo fue producto de una diferencia entre dos internas\u201d, y aclar\u00f3 que el incidente fue contenido sin mayores consecuencias.<\/p>\n<h2><strong>Sin heridos y sin v\u00ednculo con la mam\u00e1 de \u00c1ngel<\/strong><\/h2>\n<p>Desde la direcci\u00f3n del penal confirmaron que\u00a0no hubo personas lesionadas, ni entre las internas ni en el personal policial. Adem\u00e1s, descartaron cualquier relaci\u00f3n con Mariela Altamirano, la madre del menor fallecido.<\/p>\n<p>\u201cNada tiene que ver con la interna Mariela Altamirano\u201d, afirm\u00f3 el funcionario, buscando llevar tranquilidad en medio de la repercusi\u00f3n del caso. Tambi\u00e9n indic\u00f3 que el fuego pudo haberse iniciado por el uso de encendedores, ya que varias internas fuman dentro del pabell\u00f3n.<\/p>\n<h2><strong>Situaci\u00f3n judicial y medidas tras el incidente<\/strong><\/h2>\n<p>Altamirano hab\u00eda sido trasladada al penal el\u00a015 de abril, luego de que la Justicia dictara su\u00a0prisi\u00f3n preventiva por seis meses\u00a0mientras avanza la investigaci\u00f3n. La fiscal\u00eda la imput\u00f3 por\u00a0homicidio agravado por el v\u00ednculo en car\u00e1cter omisivo, mientras que su pareja fue acusado como autor material.<\/p>\n<p>La autopsia preliminar hab\u00eda se\u00f1alado\u00a0m\u00faltiples golpes, edema cerebral hemorr\u00e1gico y paro cardiorrespiratorio como causa de muerte del ni\u00f1o.<\/p>\n<p>Tras el incidente, las autoridades reforzaron las\u00a0medidas de seguridad internas\u00a0y abrieron una investigaci\u00f3n para determinar responsabilidades. El penal qued\u00f3 bajo control, mientras la causa judicial contin\u00faa en curso.<\/p>\n<\/div>\n","protected":false},"excerpt":{"rendered":"<p>&nbsp; Un intento de incendio gener\u00f3 alarma en el penal donde se encuentra alojada la\u00a0mam\u00e1 de \u00c1ngel,\u00a0el nene que muri\u00f3 en un contexto de maltrato familiar. El hecho ocurri\u00f3 en el\u00a0Instituto Penitenciario Provincial N\u00b03, ubicado sobre la Ruta Nacional 3 entre Trelew y Puerto Madryn, y fue r\u00e1pidamente controlado por el personal. C\u00f3mo se origin\u00f3 [&hellip;]<\/p>\n","protected":false},"author":3,"featured_media":67684,"comment_status":"open","ping_status":"open","sticky":false,"template":"","format":"standard","meta":{"footnotes":""},"categories":[7,8],"tags":[],"class_list":["post-67900","post","type-post","status-publish","format-standard","has-post-thumbnail","hentry","category-nacionales","category-policiales"],"_links":{"self":[{"href":"https:\/\/informateesquina.com\/index.php?rest_route=\/wp\/v2\/posts\/67900","targetHints":{"allow":["GET"]}}],"collection":[{"href":"https:\/\/informateesquina.com\/index.php?rest_route=\/wp\/v2\/posts"}],"about":[{"href":"https:\/\/informateesquina.com\/index.php?rest_route=\/wp\/v2\/types\/post"}],"author":[{"embeddable":true,"href":"https:\/\/informateesquina.com\/index.php?rest_route=\/wp\/v2\/users\/3"}],"replies":[{"embeddable":true,"href":"https:\/\/informateesquina.com\/index.php?rest_route=%2Fwp%2Fv2%2Fcomments&post=67900"}],"version-history":[{"count":1,"href":"https:\/\/informateesquina.com\/index.php?rest_route=\/wp\/v2\/posts\/67900\/revisions"}],"predecessor-version":[{"id":67901,"href":"https:\/\/informateesquina.com\/index.php?rest_route=\/wp\/v2\/posts\/67900\/revisions\/67901"}],"wp:featuredmedia":[{"embeddable":true,"href":"https:\/\/informateesquina.com\/index.php?rest_route=\/wp\/v2\/media\/67684"}],"wp:attachment":[{"href":"https:\/\/informateesquina.com\/index.php?rest_route=%2Fwp%2Fv2%2Fmedia&parent=67900"}],"wp:term":[{"taxonomy":"category","embeddable":true,"href":"https:\/\/informateesquina.com\/index.php?rest_route=%2Fwp%2Fv2%2Fcategories&post=67900"},{"taxonomy":"post_tag","embeddable":true,"href":"https:\/\/informateesquina.com\/index.php?rest_route=%2Fwp%2Fv2%2Ftags&post=67900"}],"curies":[{"name":"wp","href":"https:\/\/api.w.org\/{rel}","templated":true}]}}