{"id":67902,"date":"2026-05-01T05:10:13","date_gmt":"2026-05-01T08:10:13","guid":{"rendered":"https:\/\/informateesquina.com\/?p=67902"},"modified":"2026-05-01T05:10:13","modified_gmt":"2026-05-01T08:10:13","slug":"un-bebe-de-8-meses-fue-brutalmente-golpeado-en-un-jardin-de-cordoba","status":"publish","type":"post","link":"https:\/\/informateesquina.com\/?p=67902","title":{"rendered":"Un beb\u00e9 de 8 meses fue brutalmente golpeado en un jard\u00edn de C\u00f3rdoba"},"content":{"rendered":"<article class=\"flex flex-col gap-4 lg:flex-row lg:gap-6\">\n<div class=\"shrink-0\">\n<div class=\"flex lg:flex-col sticky top-38\">\n<div class=\"flex flex-col items-center pr-2 md:px-0 md:py-2\">Una docente y la directora de un jard\u00edn en <a title=\"barrio Cofico\" href=\"https:\/\/viapais.com.ar\/cordoba\/impactante-chofer-quedo-atrapado-incrustarse-arbol-cordoba_0_ykprOyZNRN.html\" target=\"_blank\" rel=\"noopener\">barrio Cofico<\/a>, en la ciudad de C\u00f3rdoba, fueron detenidas tras<strong>\u00a0la\u00a0<a title=\"denuncia \" href=\"https:\/\/viapais.com.ar\/cordoba\/detuvieron-cantante-reconocida-banda-cuarteto-cordoba-sabe_0_pZVpqytMT9.html\" target=\"_blank\" rel=\"noopener\">denuncia<\/a>\u00a0de una madre cuyo beb\u00e9 de 8 meses sufri\u00f3 m\u00faltiples golpes el pasado 19 de febrero\u00a0<\/strong>en circunstancias que investiga la Justicia.<\/div>\n<\/div>\n<\/div>\n<div class=\"max-w-4xl flex-1\">\n<div class=\"story-body\">\n<section class=\"group my-6 border-t border-b border-gray-200 bg-white py-4 my-6\">\n<div class=\"relative h-24 w-24 shrink-0 overflow-hidden bg-gray-100 md:w-36\"><\/div>\n<div class=\"flex flex-1 flex-col justify-center\">\n<h3 class=\"font-titillium text-base font-bold text-gray-900 italic md:text-lg\">Esc\u00e1ndalo en C\u00f3rdoba: hay tres denuncias por abuso en un jard\u00edn de infantes<\/h3>\n<div style=\"width: 1080px;\" class=\"wp-video\"><video class=\"wp-video-shortcode\" id=\"video-67902-1\" width=\"1080\" height=\"1920\" preload=\"metadata\" controls=\"controls\"><source type=\"video\/mp4\" src=\"http:\/\/informateesquina.com\/wp-content\/uploads\/2026\/05\/centro-de-jubilados-27.mp4?_=1\" \/><a href=\"http:\/\/informateesquina.com\/wp-content\/uploads\/2026\/05\/centro-de-jubilados-27.mp4\">http:\/\/informateesquina.com\/wp-content\/uploads\/2026\/05\/centro-de-jubilados-27.mp4<\/a><\/video><\/div>\n<\/div>\n<\/section>\n<div class=\"prose prose-xl rounded-20 mb-4 overflow-hidden text-lg\">\n<h2 class=\"my-5 uppercase heading-body text-xl font-bold\"><strong>&#8220;Golpes por todos lados&#8221;: El crudo testimonio de la madre<\/strong><\/h2>\n<\/div>\n<div class=\"prose prose-xl rounded-20 mb-4 overflow-hidden text-lg\">\n<p>Fernanda, la madre del peque\u00f1o, relat\u00f3 que los hechos ocurrieron durante la ma\u00f1ana del 19 de febrero, en coincidencia con una jornada de paro general. Alrededor de las 10.50,\u00a0<strong>recibi\u00f3 un llamado de la directora inform\u00e1ndole que su hijo se hab\u00eda &#8220;raspado&#8221; o que ten\u00eda un &#8220;golpecito&#8221;<\/strong>\u00a0en la cara. Sin embargo, al retirar al ni\u00f1o, la realidad era alarmante.<\/p>\n<\/div>\n<div class=\"prose prose-xl rounded-20 mb-4 overflow-hidden text-lg\">\n<p>&#8220;<strong>Me encontr\u00e9 con el peor escenario: golpes por todos lados<\/strong>&#8220;, asegur\u00f3 la mujer. Seg\u00fan su testimonio, la instituci\u00f3n intent\u00f3 minimizar la situaci\u00f3n de forma constante. A pesar de la gravedad de las lesiones,\u00a0<strong>las autoridades del jard\u00edn no solicitaron un servicio de emergencias m\u00e9dicas<\/strong>. Incluso, la madre advirti\u00f3 que\u00a0<strong>le hab\u00edan dado leche al beb\u00e9<\/strong>, una acci\u00f3n peligrosa ante posibles traumatismos por el riesgo de broncoaspiraci\u00f3n.<\/p>\n<\/div>\n<div class=\"prose prose-xl rounded-20 mb-4 overflow-hidden text-lg\">\n<h2 class=\"my-5 uppercase heading-body text-xl font-bold\"><strong>Detenciones e imputaciones por alevos\u00eda y encubrimiento<\/strong><\/h2>\n<\/div>\n<div class=\"prose prose-xl rounded-20 mb-4 overflow-hidden text-lg\">\n<p>La investigaci\u00f3n judicial avanz\u00f3 con\u00a0<strong>la detenci\u00f3n de la maestra de sala<\/strong>, quien permanece arrestada desde hace varios d\u00edas bajo\u00a0<strong>la imputaci\u00f3n de lesiones leves calificadas por alevos\u00eda reiteradas<\/strong>. Con el progreso de la causa, la Justicia tambi\u00e9n orden\u00f3\u00a0<strong>la captura de la directora del jard\u00edn<\/strong>, imputada por presunto\u00a0<strong>encubrimiento<\/strong>, al sospecharse que estaba al tanto de las agresiones y no intervino.<\/p>\n<\/div>\n<section class=\"group my-6 border-t border-b border-gray-200 bg-white py-4 my-6\">\n<div class=\"relative h-24 w-24 shrink-0 overflow-hidden bg-gray-100 md:w-36\"><img decoding=\"async\" class=\"object-cover \" src=\"https:\/\/viapais.com.ar\/_next\/image\/?url=https%3A%2F%2Fviapais.com.ar%2Fimages%2F2026%2F04%2F29%2FIKMyhAGipn_1060x875__original.jpg&amp;w=980&amp;q=50\" sizes=\"(max-width: 768px) 128px, 160px\" srcset=\"\/_next\/image\/?url=https%3A%2F%2Fviapais.com.ar%2Fimages%2F2026%2F04%2F29%2FIKMyhAGipn_1060x875__original.jpg&amp;w=400&amp;q=50 400w, \/_next\/image\/?url=https%3A%2F%2Fviapais.com.ar%2Fimages%2F2026%2F04%2F29%2FIKMyhAGipn_1060x875__original.jpg&amp;w=768&amp;q=50 768w, \/_next\/image\/?url=https%3A%2F%2Fviapais.com.ar%2Fimages%2F2026%2F04%2F29%2FIKMyhAGipn_1060x875__original.jpg&amp;w=980&amp;q=50 980w\" alt=\"Operativo internacional contra la explotaci\u00f3n infantil: allanamientos en Misiones y tres detenidos\" data-nimg=\"fill\" \/><\/div>\n<div class=\"flex flex-1 flex-col justify-center\">\n<h3 class=\"font-titillium text-base font-bold text-gray-900 italic md:text-lg\">Operativo internacional contra la explotaci\u00f3n infantil: allanamientos en Misiones y tres detenidos<\/h3>\n<\/div>\n<\/section>\n<div class=\"prose prose-xl rounded-20 mb-4 overflow-hidden text-lg\">\n<p>Ante la falta de explicaciones y la negativa inicial del jard\u00edn para facilitar el acceso a las c\u00e1maras de seguridad, Fernanda llev\u00f3 a su hijo a una cl\u00ednica privada. All\u00ed, el beb\u00e9 fue sometido a tomograf\u00edas y an\u00e1lisis de laboratorio, permaneciendo en observaci\u00f3n durante seis horas.\u00a0<strong>Fue tras las recomendaciones de los profesionales m\u00e9dicos que la familia decidi\u00f3 radicar la denuncia penal.<\/strong><\/p>\n<\/div>\n<div class=\"prose prose-xl rounded-20 mb-4 overflow-hidden text-lg\">\n<h2 class=\"my-5 uppercase heading-body text-xl font-bold\"><strong>Antecedentes que alertaron a la familia<\/strong><\/h2>\n<\/div>\n<div class=\"prose prose-xl rounded-20 mb-4 overflow-hidden text-lg\">\n<p>Este no ser\u00eda el primer episodio de violencia. Fernanda record\u00f3 que, anteriormente,\u00a0<strong>su hijo hab\u00eda regresado del jard\u00edn con un hematoma en el ojo y cortes en la oreja<\/strong>. En aquellas ocasiones, el personal docente tambi\u00e9n minimiz\u00f3 los hechos, atribuy\u00e9ndolos a golpes accidentales.<\/p>\n<\/div>\n<div class=\"prose prose-xl rounded-20 mb-4 overflow-hidden text-lg\">\n<p>Actualmente, la Fiscal\u00eda analiza si existen otros casos similares dentro de la instituci\u00f3n. Se prev\u00e9 que\u00a0<strong>otros padres sean citados para declarar<\/strong>, con el fin de determinar si hubo m\u00e1s v\u00edctimas de maltrato en el establecimiento de barrio Cofico.<\/p>\n<\/div>\n<\/div>\n<\/div>\n<\/article>\n","protected":false},"excerpt":{"rendered":"<p>Una docente y la directora de un jard\u00edn en barrio Cofico, en la ciudad de C\u00f3rdoba, fueron detenidas tras\u00a0la\u00a0denuncia\u00a0de una madre cuyo beb\u00e9 de 8 meses sufri\u00f3 m\u00faltiples golpes el pasado 19 de febrero\u00a0en circunstancias que investiga la Justicia. Esc\u00e1ndalo en C\u00f3rdoba: hay tres denuncias por abuso en un jard\u00edn de infantes &#8220;Golpes por todos [&hellip;]<\/p>\n","protected":false},"author":3,"featured_media":67903,"comment_status":"open","ping_status":"open","sticky":false,"template":"","format":"standard","meta":{"footnotes":""},"categories":[8,10],"tags":[],"class_list":["post-67902","post","type-post","status-publish","format-standard","has-post-thumbnail","hentry","category-policiales","category-provinciales"],"_links":{"self":[{"href":"https:\/\/informateesquina.com\/index.php?rest_route=\/wp\/v2\/posts\/67902","targetHints":{"allow":["GET"]}}],"collection":[{"href":"https:\/\/informateesquina.com\/index.php?rest_route=\/wp\/v2\/posts"}],"about":[{"href":"https:\/\/informateesquina.com\/index.php?rest_route=\/wp\/v2\/types\/post"}],"author":[{"embeddable":true,"href":"https:\/\/informateesquina.com\/index.php?rest_route=\/wp\/v2\/users\/3"}],"replies":[{"embeddable":true,"href":"https:\/\/informateesquina.com\/index.php?rest_route=%2Fwp%2Fv2%2Fcomments&post=67902"}],"version-history":[{"count":1,"href":"https:\/\/informateesquina.com\/index.php?rest_route=\/wp\/v2\/posts\/67902\/revisions"}],"predecessor-version":[{"id":67905,"href":"https:\/\/informateesquina.com\/index.php?rest_route=\/wp\/v2\/posts\/67902\/revisions\/67905"}],"wp:featuredmedia":[{"embeddable":true,"href":"https:\/\/informateesquina.com\/index.php?rest_route=\/wp\/v2\/media\/67903"}],"wp:attachment":[{"href":"https:\/\/informateesquina.com\/index.php?rest_route=%2Fwp%2Fv2%2Fmedia&parent=67902"}],"wp:term":[{"taxonomy":"category","embeddable":true,"href":"https:\/\/informateesquina.com\/index.php?rest_route=%2Fwp%2Fv2%2Fcategories&post=67902"},{"taxonomy":"post_tag","embeddable":true,"href":"https:\/\/informateesquina.com\/index.php?rest_route=%2Fwp%2Fv2%2Ftags&post=67902"}],"curies":[{"name":"wp","href":"https:\/\/api.w.org\/{rel}","templated":true}]}}